{"id":9491,"date":"2024-11-27T15:37:04","date_gmt":"2024-11-27T14:37:04","guid":{"rendered":"https:\/\/www.swisnot.ch\/?post_type=actualites&#038;p=9491"},"modified":"2024-11-27T15:37:04","modified_gmt":"2024-11-27T14:37:04","slug":"comment-preparer-une-succession-en-faveur-denfants-handicapes","status":"publish","type":"actualites","link":"https:\/\/www.swisnot.ch\/it\/actualites\/comment-preparer-une-succession-en-faveur-denfants-handicapes\/","title":{"rendered":"Comment pr\u00e9parer une succession en faveur d\u2019enfants handicap\u00e9s"},"content":{"rendered":"<div id='av_section_1'  class='avia-section av-av_section-3ef07c12a2bb1670acbb6a6393332f22 main_color avia-section-default avia-no-border-styling  avia-builder-el-0  el_before_av_section  avia-builder-el-first  avia-bg-style-scroll container_wrap fullsize'  ><div class='container av-section-cont-open' ><main  role=\"main\" itemprop=\"mainContentOfPage\"  class='template-page content  av-content-full alpha units'><div class='post-entry post-entry-type-page post-entry-9491'><div class='entry-content-wrapper clearfix'>\n\n<style type=\"text\/css\" data-created_by=\"avia_inline_auto\" id=\"style-css-av-m3zzjg7m-09bbf1da309922f80a49804453cddeff\">\n#top .av-special-heading.av-m3zzjg7m-09bbf1da309922f80a49804453cddeff{\npadding-bottom:10px;\nfont-size:36px;\n}\nbody .av-special-heading.av-m3zzjg7m-09bbf1da309922f80a49804453cddeff .av-special-heading-tag .heading-char{\nfont-size:25px;\n}\n#top #wrap_all .av-special-heading.av-m3zzjg7m-09bbf1da309922f80a49804453cddeff .av-special-heading-tag{\nfont-size:36px;\n}\n.av-special-heading.av-m3zzjg7m-09bbf1da309922f80a49804453cddeff .av-subheading{\nfont-size:15px;\n}\n\n@media only screen and (min-width: 480px) and (max-width: 767px){ \n#top #wrap_all .av-special-heading.av-m3zzjg7m-09bbf1da309922f80a49804453cddeff .av-special-heading-tag{\nfont-size:0.8em;\n}\n}\n\n@media only screen and (max-width: 479px){ \n#top #wrap_all .av-special-heading.av-m3zzjg7m-09bbf1da309922f80a49804453cddeff .av-special-heading-tag{\nfont-size:0.8em;\n}\n}\n<\/style>\n<div  class='av-special-heading av-m3zzjg7m-09bbf1da309922f80a49804453cddeff av-special-heading-h1 blockquote modern-quote  avia-builder-el-1  el_before_av_two_third  avia-builder-el-first  av-inherit-size av-linked-heading'><h1 class='av-special-heading-tag '  itemprop=\"headline\"  >Comment pr\u00e9parer une succession en faveur d\u2019enfants handicap\u00e9s<\/h1><div class=\"special-heading-border\"><div class=\"special-heading-inner-border\"><\/div><\/div><\/div>\n\n<style type=\"text\/css\" data-created_by=\"avia_inline_auto\" id=\"style-css-av-av_two_third-0a678dcfc3d7d4e5a5705d1394399682\">\n.flex_column.av-av_two_third-0a678dcfc3d7d4e5a5705d1394399682{\nborder-radius:0px 0px 0px 0px;\npadding:0px 0px 0px 0px;\n}\n<\/style>\n<div  class='flex_column av-av_two_third-0a678dcfc3d7d4e5a5705d1394399682 av_two_third  avia-builder-el-2  el_after_av_heading  el_before_av_one_fourth  first flex_column_div av-zero-column-padding  '     ><p>\n<style type=\"text\/css\" data-created_by=\"avia_inline_auto\" id=\"style-css-av-m3zzjntq-0ff4797e3d85de418647713fcf5c5caa\">\n#top .av-special-heading.av-m3zzjntq-0ff4797e3d85de418647713fcf5c5caa{\npadding-bottom:10px;\n}\nbody .av-special-heading.av-m3zzjntq-0ff4797e3d85de418647713fcf5c5caa .av-special-heading-tag .heading-char{\nfont-size:25px;\n}\n.av-special-heading.av-m3zzjntq-0ff4797e3d85de418647713fcf5c5caa .av-subheading{\nfont-size:15px;\n}\n<\/style>\n<div  class='av-special-heading av-m3zzjntq-0ff4797e3d85de418647713fcf5c5caa av-special-heading-h2 blockquote modern-quote  avia-builder-el-3  el_before_av_textblock  avia-builder-el-first  av-linked-heading'><h2 class='av-special-heading-tag '  itemprop=\"headline\"  >Les parents d\u2019enfants handicap\u00e9s mentalement sont soucieux de garantir que, apr\u00e8s leur d\u00e9c\u00e8s, leur enfant ait \u00e0 disposition des ressources financi\u00e8res suffisantes et p\u00e9rennes.<\/h2><div class=\"special-heading-border\"><div class=\"special-heading-inner-border\"><\/div><\/div><\/div><br \/>\n<section  class='av_textblock_section av-m3zzk33b-071063027988e2a11758fb8e8c4f9c1e '   itemscope=\"itemscope\" itemtype=\"https:\/\/schema.org\/CreativeWork\" ><div class='avia_textblock'  itemprop=\"text\" ><p>Les parents d\u2019enfants handicap\u00e9s mentalement ont habituellement la volont\u00e9 de pr\u00e9voir leur succession.<\/p>\n<p>Ces parents sont aussi conscients que leur enfant handicap\u00e9, faute d\u2019avoir la capacit\u00e9 civile, ne pourra pas r\u00e9diger lui-m\u00eame un testament pour choisir qui h\u00e9ritera du patrimoine \u00e0 sa suite, lorsqu\u2019il d\u00e9c\u00e8dera. Si on part de l\u2019hypoth\u00e8se que l\u2019enfant handicap\u00e9 mentalement n\u2019aura ni conjoint, ni descendant, ses propres h\u00e9ritiers seront, le moment venu, d\u00e9termin\u00e9s par les r\u00e8gles l\u00e9gales sur la d\u00e9volution successorale et, ainsi, si ses parents sont d\u00e9c\u00e9d\u00e9s avant lui, ce seront ses fr\u00e8res et s\u0153urs, ou les descendants de ceux-ci, qui seront ses h\u00e9ritiers.<\/p>\n<p>Les parents souhaitent usuellement prendre des dispositions testamentaires en tenant compte, en priorit\u00e9, de la n\u00e9cessit\u00e9 d\u2019assurer l\u2019avenir financier de leur enfant handicap\u00e9, mais en pr\u00e9voyant aussi l\u2019\u00e9tape suivante, \u00e0 savoir ce qui se passera au d\u00e9c\u00e8s de cet enfant. Plusieurs solutions peuvent \u00eatre mises en place pour privil\u00e9gier l\u2019enfant handicap\u00e9, tout en pr\u00e9servant les droits de ses fr\u00e8res et s\u0153urs.<\/p>\n<p>L\u2019option usuellement privil\u00e9gi\u00e9e est celle de r\u00e9diger des dispositions testamentaires par lesquelles le parent attribue \u00e0 son enfant handicap\u00e9 une part augment\u00e9e par rapport \u00e0 la fraction \u00e0 laquelle il aurait droit sans testament. Au d\u00e9c\u00e8s, cet enfant recevra une part plus grande que celle de ses fr\u00e8res et s\u0153urs, dans l\u2019optique de couvrir des besoins financiers vraisemblablement plus importants.<\/p>\n<p>Avec pr\u00e9caution<\/p>\n<p>Les parents peuvent aussi pr\u00e9voir le sort de la part attribu\u00e9e \u00e0 l\u2019enfant handicap\u00e9, en imposant qu\u2019au moment du d\u00e9c\u00e8s de ce dernier, sa part soit ensuite directement attribu\u00e9e \u00e0 ses fr\u00e8res et s\u0153urs, par le biais de l\u2019institution d\u2019une \u00ab substitution fid\u00e9icommissaire \u00bb. Cependant, cette institution est \u00e0 manier avec pr\u00e9caution et nuances. Autrement dit, les parents devraient examiner cette option avec un notaire et l\u2019appliquer de mani\u00e8re appropri\u00e9e, notamment en fonction de la composition de leur patrimoine. Il convient \u00e9galement d\u2019analyser la pertinence de mettre en place une substitution fid\u00e9icommissaire \u00ab limit\u00e9e au surplus \u00bb : les fr\u00e8res et s\u0153urs n\u2019h\u00e9riteront, le moment venu, que de ce qui restera de la part de l\u2019enfant handicap\u00e9, qui aura pu utiliser librement son h\u00e9ritage, sa vie durant, selon ses besoins.<\/p>\n<p>Lorsque les parents r\u00e9digent leur testament, ils doivent veiller aussi \u00e0 la sauvegarde des rentes et prestations auxquelles l\u2019enfant handicap\u00e9 a droit. Il faut savoir que, si un enfant handicap\u00e9 per\u00e7oit des prestations compl\u00e9mentaires \u00e0 l\u2019AVS\/AI, il devra, au moment o\u00f9 il h\u00e9ritera, informer les institutions concern\u00e9es et son droit \u00e0 des prestations sera r\u00e9examin\u00e9 en fonction de l\u2019\u00e9volution de sa fortune. Si cette annonce est faite tardivement, il devra, le cas \u00e9ch\u00e9ant, restituer les prestations indues.<\/p>\n<\/div><\/section><\/p><\/div>\n<style type=\"text\/css\" data-created_by=\"avia_inline_auto\" id=\"style-css-av-av_one_fourth-f7c1061df29de8cca6b42fcf455fe4a0\">\n.flex_column.av-av_one_fourth-f7c1061df29de8cca6b42fcf455fe4a0{\nborder-radius:0px 0px 0px 0px;\npadding:0px 0px 0px 0px;\n}\n<\/style>\n<div  class='flex_column av-av_one_fourth-f7c1061df29de8cca6b42fcf455fe4a0 av_one_fourth  avia-builder-el-5  el_after_av_two_third  avia-builder-el-last  flex_column_div av-zero-column-padding  '     ><p><section  class='avia-team-member trs-notaire-author   avia-builder-el-6  el_before_av_heading  avia-builder-el-first '  itemscope=\"itemscope\" itemtype=\"https:\/\/schema.org\/Person\" ><div class='team-img-container'><a href=\"https:\/\/www.swisnot.ch\/it\/notaire\/laydu-molinari-sandra\/\"><img decoding=\"async\" width=\"206\" height=\"268\" fetchpriority=\"high\" class='wp-image-3946 avia-img-lazy-loading-not-3946 avia_image avia_image_team' src=\"https:\/\/www.swisnot.ch\/wp\/wp-content\/uploads\/2021\/05\/laydumolinari_sandra.jpg\" alt='Laydu Molinari Sandra'  itemprop=\"image\"  \/><\/a><div class='team-social'><div class='team-social-inner'><span class='hidden av_member_url_markup '  itemprop=\"url\" >https:\/\/www.swisnot.ch\/it\/notaire\/laydu-molinari-sandra\/<\/span><a rel='v:url' data-avia-tooltip=\"Page d\u00e9di\u00e9e\" target='_blank' class=' avia-team-icon ' href='https:\/\/www.swisnot.ch\/it\/notaire\/laydu-molinari-sandra\/' aria-hidden='true' data-av_icon='\ue80a' data-av_iconfont='entypo-fontello'><\/a><\/div><\/div><\/div><h3 class='team-member-name'    itemprop=\"name\" >Laydu Molinari Sandra<\/h3><div class='team-member-job-title '   itemprop=\"jobTitle\" >Notaire chez <strong><a href=\"https:\/\/www.swisnot.ch\/it\/etudes_notaires\/acta-notaires-associes-montreux\/\" target=\"_blank\">ACTA Notaries Associ\u00e9s Montreux<\/a><\/strong> (VD-IT)<\/div><span class='hidden team-member-affiliation'  itemprop=\"affiliation\" >swisNot - Le r\u00e9seau notarial suisse<\/span><\/section><br \/>\n\n<style type=\"text\/css\" data-created_by=\"avia_inline_auto\" id=\"style-css-av-m3zzl1mu-459da1da1896514520ed40c05422e8ef\">\n#top .av-special-heading.av-m3zzl1mu-459da1da1896514520ed40c05422e8ef{\npadding-bottom:0;\ncolor:#98012e;\n}\nbody .av-special-heading.av-m3zzl1mu-459da1da1896514520ed40c05422e8ef .av-special-heading-tag .heading-char{\nfont-size:25px;\n}\n.av-special-heading.av-m3zzl1mu-459da1da1896514520ed40c05422e8ef .special-heading-inner-border{\nborder-color:#98012e;\n}\n.av-special-heading.av-m3zzl1mu-459da1da1896514520ed40c05422e8ef .av-subheading{\nfont-size:15px;\n}\n<\/style>\n<div  class='av-special-heading av-m3zzl1mu-459da1da1896514520ed40c05422e8ef av-special-heading-h3 custom-color-heading blockquote modern-quote  avia-builder-el-7  el_after_trs_notaire_author  el_before_av_iconlist  av-linked-heading'><h3 class='av-special-heading-tag '  itemprop=\"headline\"  >\u00e0 retenir <\/h3><div class=\"special-heading-border\"><div class=\"special-heading-inner-border\"><\/div><\/div><\/div><br \/>\n\n<style type=\"text\/css\" data-created_by=\"avia_inline_auto\" id=\"style-css-av-m3zzn8n7-7fff48b6970fa162d49693920e55c7d9\">\n#top .avia-icon-list-container.av-m3zzn8n7-7fff48b6970fa162d49693920e55c7d9 .iconlist_icon{\ncolor:#b02b2c;\nfont-size:16px;\n}\n#top .avia-icon-list-container.av-m3zzn8n7-7fff48b6970fa162d49693920e55c7d9 .iconlist_icon svg:first-child{\nstroke:#b02b2c;\nfill:#b02b2c;\nheight:16px;\nwidth:16px;\n}\n#top #wrap_all .avia-icon-list-container.av-m3zzn8n7-7fff48b6970fa162d49693920e55c7d9 .av_iconlist_title{\nfont-size:16px;\n}\n<\/style>\n<div  class='avia-icon-list-container av-m3zzn8n7-7fff48b6970fa162d49693920e55c7d9  avia-builder-el-8  el_after_av_heading  el_before_av_button '><ul class='avia-icon-list avia_animate_when_almost_visible avia-icon-list-left av-iconlist-small av-m3zzn8n7-7fff48b6970fa162d49693920e55c7d9 avia-iconlist-animate'>\n<li><div class='iconlist_icon av-m3zzloqe-2e319c89723869509ee3462ee14ed6e6 avia-font-entypo-fontello avia-iconfont avia-font-entypo-fontello'><span class='av-icon-char' data-av_icon='\ue812' data-av_iconfont='entypo-fontello' aria-hidden=\"true\"><\/span><\/div><article class=\"article-icon-entry \"  itemscope=\"itemscope\" itemtype=\"https:\/\/schema.org\/CreativeWork\" ><div class=\"iconlist_content_wrap\"><header class=\"entry-content-header\" aria-label=\"Icona: \"><\/header><div class='iconlist_content '  itemprop=\"text\" ><p style=\"text-align: justify;\">Il est possible de mettre en place des mesures de protection et de p\u00e9rennit\u00e9 en faveur d\u2019un enfant handicap\u00e9 mentalement.<\/p>\n<\/div><\/div><footer class=\"entry-footer\"><\/footer><\/article><div class=\"iconlist-timeline\"><\/div><\/li>\n<li><div class='iconlist_icon av-m3zzmo80-6d196760db771b1d30a94da4f3eb6bcf avia-font-entypo-fontello avia-iconfont avia-font-entypo-fontello'><span class='av-icon-char' data-av_icon='\ue812' data-av_iconfont='entypo-fontello' aria-hidden=\"true\"><\/span><\/div><article class=\"article-icon-entry \"  itemscope=\"itemscope\" itemtype=\"https:\/\/schema.org\/CreativeWork\" ><div class=\"iconlist_content_wrap\"><header class=\"entry-content-header\" aria-label=\"Icona: \"><\/header><div class='iconlist_content '  itemprop=\"text\" ><p style=\"text-align: justify;\">Toutes les options donn\u00e9es par la loi m\u00e9ritent d\u2019\u00eatre examin\u00e9es avec attention par les parents, qui chercheront \u00e0 trouver une solution \u00e9quilibr\u00e9e entre les droits de l\u2019enfant handicap\u00e9 et ceux de ses fr\u00e8res et soeurs.<\/p>\n<\/div><\/div><footer class=\"entry-footer\"><\/footer><\/article><div class=\"iconlist-timeline\"><\/div><\/li>\n<li><div class='iconlist_icon av-m3zzn5l2-c2e0785ccfdb65e326d929f89d61f732 avia-font-entypo-fontello avia-iconfont avia-font-entypo-fontello'><span class='av-icon-char' data-av_icon='\ue812' data-av_iconfont='entypo-fontello' aria-hidden=\"true\"><\/span><\/div><article class=\"article-icon-entry \"  itemscope=\"itemscope\" itemtype=\"https:\/\/schema.org\/CreativeWork\" ><div class=\"iconlist_content_wrap\"><header class=\"entry-content-header\" aria-label=\"Icona: \"><\/header><div class='iconlist_content '  itemprop=\"text\" ><p>Les dispositions testamentaires doivent \u00eatre r\u00e9dig\u00e9es \u00ab sur mesure \u00bb, en prenant en consid\u00e9ration la situation familiale \u2013 l\u2019\u00e2ge et l\u2019esp\u00e9rance de vie de l\u2019enfant handicap\u00e9, l\u2019existence de fr\u00e8res et s\u0153urs, etc. \u2013 et en fonction du patrimoine des parents et des prestations et rentes d\u00e9j\u00e0 vers\u00e9es \u00e0 l\u2019enfant.<\/p>\n<\/div><\/div><footer class=\"entry-footer\"><\/footer><\/article><div class=\"iconlist-timeline\"><\/div><\/li>\n<\/ul><\/div><br \/>\n<div  class='avia-button-wrap av-m3zzo8gw-f96a5a8d7ed3d2389fb447e1677ecb3a-wrap avia-button-center  avia-builder-el-9  el_after_av_iconlist  el_before_av_heading  trs-pdf-button'><a href='https:\/\/www.swisnot.ch\/wp\/wp-content\/uploads\/2024\/11\/Comment-preparer-une-succession-en-faveur-denfants-handicapes.pdf'  class='avia-button av-m3zzo8gw-f96a5a8d7ed3d2389fb447e1677ecb3a av-link-btn avia-icon_select-yes-left-icon avia-size-medium avia-position-center avia-color-theme-color'  target=\"_blank\"  rel=\"noopener noreferrer\"  aria-label=\" Article (PDF)\"><span class='avia_button_icon avia_button_icon_left avia-iconfont avia-font-entypo-fontello' data-av_icon='\ue84d' data-av_iconfont='entypo-fontello' ><\/span><span class='avia_iconbox_title' > Article (PDF)<\/span><\/a><\/div><br \/>\n\n<style type=\"text\/css\" data-created_by=\"avia_inline_auto\" id=\"style-css-av-m3zzocos-a636d69c4255571d053069d9e8faa986\">\n#top .av-special-heading.av-m3zzocos-a636d69c4255571d053069d9e8faa986{\nmargin:10px 0 0 0;\npadding-bottom:10px;\n}\nbody .av-special-heading.av-m3zzocos-a636d69c4255571d053069d9e8faa986 .av-special-heading-tag .heading-char{\nfont-size:25px;\n}\n.av-special-heading.av-m3zzocos-a636d69c4255571d053069d9e8faa986 .av-subheading{\nfont-size:15px;\n}\n<\/style>\n<div  class='av-special-heading av-m3zzocos-a636d69c4255571d053069d9e8faa986 av-special-heading-h6 meta-heading blockquote modern-quote modern-centered  avia-builder-el-10  el_after_av_button  avia-builder-el-last '><h6 class='av-special-heading-tag '  itemprop=\"headline\"  >Publi\u00e9 dans le magazine g\u00e9n\u00e9rations par les notaires de swisNot<\/h6><div class=\"special-heading-border\"><div class=\"special-heading-inner-border\"><\/div><\/div><\/div><\/p><\/div><\/div><\/div><\/main><!-- close content main element --><\/div><\/div><div id='av_section_2'  class='avia-section av-av_section-46ce1733c35ae24b9d75b0cc88a8631c main_color avia-section-default avia-no-border-styling  avia-builder-el-11  el_after_av_section  avia-builder-el-last  avia-bg-style-scroll container_wrap fullsize'  ><div class='container av-section-cont-open' ><div class='template-page content  av-content-full alpha units'><div class='post-entry post-entry-type-page post-entry-9491'><div class='entry-content-wrapper clearfix'>\n\n<style type=\"text\/css\" data-created_by=\"avia_inline_auto\" id=\"style-css-av-av_heading-e0fd89ff5bb5365333703156ecfb8088\">\n#top .av-special-heading.av-av_heading-e0fd89ff5bb5365333703156ecfb8088{\npadding-bottom:10px;\n}\nbody .av-special-heading.av-av_heading-e0fd89ff5bb5365333703156ecfb8088 .av-special-heading-tag .heading-char{\nfont-size:25px;\n}\n.av-special-heading.av-av_heading-e0fd89ff5bb5365333703156ecfb8088 .av-subheading{\nfont-size:15px;\n}\n<\/style>\n<div  class='av-special-heading av-av_heading-e0fd89ff5bb5365333703156ecfb8088 av-special-heading-h3 blockquote modern-quote  avia-builder-el-12  el_before_av_masonry_entries  avia-builder-el-no-sibling  trs-special-underline'><h3 class='av-special-heading-tag '  itemprop=\"headline\"  >Plus d\u2019actualit\u00e9s swisNot <\/h3><div class=\"special-heading-border\"><div class=\"special-heading-inner-border\"><\/div><\/div><\/div>\n<div id='av-masonry-1' class='av-masonry av-av_masonry_entries-355491b55a5aba908cd5ea1fad2f6346 noHover av-fixed-size av-large-gap av-hover-overlay-active av-masonry-animation-active av-masonry-col-flexible av-caption-always av-caption-style- av-masonry-entries ' data-post_id=\"9491\"><div class=\"av-masonry-container isotope av-js-disabled\"><div class='av-masonry-entry isotope-item av-masonry-item-no-image all_sort'><\/div><a href=\"https:\/\/www.swisnot.ch\/it\/actualites\/revision-du-droit-des-successions\/\"  id='av-masonry-1-item-7888' data-av-masonry-item='7888' class='av-masonry-entry isotope-item post-7888 actualites type-actualites status-publish hentry all_sort av-masonry-item-no-image' title=\"R\u00e9vision du droit des successions\"   itemscope=\"itemscope\" itemtype=\"https:\/\/schema.org\/CreativeWork\" ><div class='av-inner-masonry-sizer'><\/div><figure class='av-inner-masonry main_color'><figcaption class='av-inner-masonry-content site-background'><div class='av-inner-masonry-content-pos'><div class='av-inner-masonry-content-pos-content'><div class='avia-arrow'><\/div><h3 class='av-masonry-entry-title entry-title '  itemprop=\"headline\" >R\u00e9vision du droit des successions<\/h3><\/div><\/div><\/figcaption><\/figure><\/a><!--end av-masonry entry--><a href=\"https:\/\/www.swisnot.ch\/it\/actualites\/le-casse-tete-de-la-succession-dans-les-familles-recomposees\/\"  id='av-masonry-1-item-9834' data-av-masonry-item='9834' class='av-masonry-entry isotope-item post-9834 actualites type-actualites status-publish hentry all_sort av-masonry-item-no-image' title=\"Le casse-t\u00eate de la succession dans les familles recompos\u00e9es\"   itemscope=\"itemscope\" itemtype=\"https:\/\/schema.org\/CreativeWork\" ><div class='av-inner-masonry-sizer'><\/div><figure class='av-inner-masonry main_color'><figcaption class='av-inner-masonry-content site-background'><div class='av-inner-masonry-content-pos'><div class='av-inner-masonry-content-pos-content'><div class='avia-arrow'><\/div><h3 class='av-masonry-entry-title entry-title '  itemprop=\"headline\" >Le casse-t\u00eate de la succession dans les familles recompos\u00e9es<\/h3><\/div><\/div><\/figcaption><\/figure><\/a><!--end av-masonry entry--><a href=\"https:\/\/www.swisnot.ch\/it\/actualites\/la-procuration-ne-suffit-pas-toujours\/\"  id='av-masonry-1-item-9826' data-av-masonry-item='9826' class='av-masonry-entry isotope-item post-9826 actualites type-actualites status-publish hentry all_sort av-masonry-item-no-image' title=\"La procuration ne suffit pas toujours\"   itemscope=\"itemscope\" itemtype=\"https:\/\/schema.org\/CreativeWork\" ><div class='av-inner-masonry-sizer'><\/div><figure class='av-inner-masonry main_color'><figcaption class='av-inner-masonry-content site-background'><div class='av-inner-masonry-content-pos'><div class='av-inner-masonry-content-pos-content'><div class='avia-arrow'><\/div><h3 class='av-masonry-entry-title entry-title '  itemprop=\"headline\" >La procuration ne suffit pas toujours<\/h3><\/div><\/div><\/figcaption><\/figure><\/a><!--end av-masonry entry--><a href=\"https:\/\/www.swisnot.ch\/it\/actualites\/donations-un-geste-a-double-tranchant\/\"  id='av-masonry-1-item-9821' data-av-masonry-item='9821' class='av-masonry-entry isotope-item post-9821 actualites type-actualites status-publish hentry all_sort av-masonry-item-no-image' title=\"Donations, un geste \u00e0 double tranchant\"   itemscope=\"itemscope\" itemtype=\"https:\/\/schema.org\/CreativeWork\" ><div class='av-inner-masonry-sizer'><\/div><figure class='av-inner-masonry main_color'><figcaption class='av-inner-masonry-content site-background'><div class='av-inner-masonry-content-pos'><div class='av-inner-masonry-content-pos-content'><div class='avia-arrow'><\/div><h3 class='av-masonry-entry-title entry-title '  itemprop=\"headline\" >Donations, un geste \u00e0 double tranchant<\/h3><\/div><\/div><\/figcaption><\/figure><\/a><!--end av-masonry entry--><a href=\"https:\/\/www.swisnot.ch\/it\/actualites\/et-si-vous-netiez-plus-en-mesure-de-decider\/\"  id='av-masonry-1-item-9804' data-av-masonry-item='9804' class='av-masonry-entry isotope-item post-9804 actualites type-actualites status-publish hentry all_sort av-masonry-item-no-image' title=\"Et si vous n\u2019\u00e9tiez plus en mesure de d\u00e9cider ?\"   itemscope=\"itemscope\" itemtype=\"https:\/\/schema.org\/CreativeWork\" ><div class='av-inner-masonry-sizer'><\/div><figure class='av-inner-masonry main_color'><figcaption class='av-inner-masonry-content site-background'><div class='av-inner-masonry-content-pos'><div class='av-inner-masonry-content-pos-content'><div class='avia-arrow'><\/div><h3 class='av-masonry-entry-title entry-title '  itemprop=\"headline\" >Et si vous n\u2019\u00e9tiez plus en mesure de d\u00e9cider ?<\/h3><\/div><\/div><\/figcaption><\/figure><\/a><!--end av-masonry entry--><a href=\"https:\/\/www.swisnot.ch\/it\/actualites\/preter-de-largent-a-ses-enfants\/\"  id='av-masonry-1-item-9777' data-av-masonry-item='9777' class='av-masonry-entry isotope-item post-9777 actualites type-actualites status-publish hentry all_sort av-masonry-item-no-image' title=\"Pr\u00eater de l\u2019argent \u00e0 ses enfants ?\"   itemscope=\"itemscope\" itemtype=\"https:\/\/schema.org\/CreativeWork\" ><div class='av-inner-masonry-sizer'><\/div><figure class='av-inner-masonry main_color'><figcaption class='av-inner-masonry-content site-background'><div class='av-inner-masonry-content-pos'><div class='av-inner-masonry-content-pos-content'><div class='avia-arrow'><\/div><h3 class='av-masonry-entry-title entry-title '  itemprop=\"headline\" >Pr\u00eater de l\u2019argent \u00e0 ses enfants ?<\/h3><\/div><\/div><\/figcaption><\/figure><\/a><!--end av-masonry entry--><\/div><a class='av-masonry-pagination av-masonry-load-more' href='#load-more'  data-post_type='actualites'  data-link='category, 15'  data-term_rel='IN'  data-wc_prod_visible=''  data-wc_prod_hidden='hide'  data-wc_prod_featured=''  data-wc_prod_sale=''  data-prod_order_by=''  data-prod_order=''  data-date_filter=''  data-date_filter_start=''  data-date_filter_end=''  data-date_filter_format='yy\/mm\/dd'  data-period_filter_unit_1=''  data-period_filter_unit_2=''  data-page_element_filter=''  data-sort='yes'  data-query_orderby='date'  data-query_order='DESC'  data-caption_elements='title'  data-caption_styling=''  data-caption_display='always'  data-img_copyright=''  data-size='fixed masonry'  data-orientation=''  data-image_size='masonry'  data-gap='large'  data-columns='flexible'  data-av-desktop-columns=''  data-av-medium-columns=''  data-av-small-columns=''  data-av-mini-columns=''  data-items='6'  data-paginate='load_more'  data-color=''  data-custom_bg=''  data-img_copyright_font=''  data-av-desktop-font-img_copyright_font=''  data-av-medium-font-img_copyright_font=''  data-av-small-font-img_copyright_font=''  data-av-mini-font-img_copyright_font=''  data-img_copyright_color=''  data-img_copyright_bg=''  data-animation='active'  data-animation_duration=''  data-animation_custom_bg_color=''  data-animation_custom_bg_color_multi_list=''  data-animation_z_index_curtain='100'  data-overlay_fx='active'  data-img_scrset=''  data-lazy_loading='disabled'  data-av-desktop-hide=''  data-av-medium-hide=''  data-av-small-hide=''  data-av-mini-hide=''  data-alb_description=''  data-id=''  data-custom_class=''  data-template_class=''  data-av_uid=''  data-sc_version='1.0'  data-ids=''  data-action=''  data-offset='0'  data-container_links='active'  data-link_dest=''  data-lightbox_text=''  data-container_class='av-masonry-entries'  data-auto_ratio='1.7'  data-set_breadcrumb='1'  data-custom_markup=''  data-taxonomy='category'  data-categories=''  data-avno='46c1e4e122'>Carica di pi\u00f9<\/a><\/div>\n<\/p>\n","protected":false},"excerpt":{"rendered":"<p>Les parents d\u2019enfants handicap\u00e9s mentalement sont soucieux de garantir que, apr\u00e8s leur d\u00e9c\u00e8s, leur enfant ait \u00e0 disposition des ressources financi\u00e8res suffisantes et p\u00e9rennes.<\/p>\n","protected":false},"menu_order":0,"template":"","meta":{"_acf_changed":false,"footnotes":""},"categories":[],"class_list":["post-9491","actualites","type-actualites","status-publish","hentry"],"acf":[],"yoast_head":"<!-- This site is optimized with the Yoast SEO plugin v24.9 - https:\/\/yoast.com\/wordpress\/plugins\/seo\/ -->\n<title>Comment pr\u00e9parer une succession en faveur d\u2019enfants handicap\u00e9s - swisNot - Le r\u00e9seau notarial suisse<\/title>\n<meta name=\"description\" content=\"swisNot, le r\u00e9seau notarial suisse, votre partenaire en mati\u00e8re juridique et fiscale\" \/>\n<meta name=\"robots\" content=\"index, follow, max-snippet:-1, max-image-preview:large, max-video-preview:-1\" \/>\n<link rel=\"canonical\" href=\"https:\/\/www.swisnot.ch\/it\/actualites\/comment-preparer-une-succession-en-faveur-denfants-handicapes\/\" \/>\n<meta property=\"og:locale\" content=\"it_IT\" \/>\n<meta property=\"og:type\" content=\"article\" \/>\n<meta property=\"og:title\" content=\"Comment pr\u00e9parer une succession en faveur d\u2019enfants handicap\u00e9s - swisNot - Le r\u00e9seau notarial suisse\" \/>\n<meta property=\"og:description\" content=\"swisNot, le r\u00e9seau notarial suisse, votre partenaire en mati\u00e8re juridique et fiscale\" \/>\n<meta property=\"og:url\" content=\"https:\/\/www.swisnot.ch\/it\/actualites\/comment-preparer-une-succession-en-faveur-denfants-handicapes\/\" \/>\n<meta property=\"og:site_name\" content=\"swisNot - Le r\u00e9seau notarial suisse\" \/>\n<meta name=\"twitter:card\" content=\"summary_large_image\" \/>\n<meta name=\"twitter:label1\" content=\"Est. reading time\" \/>\n\t<meta name=\"twitter:data1\" content=\"11 minutes\" \/>\n<script type=\"application\/ld+json\" class=\"yoast-schema-graph\">{\"@context\":\"https:\/\/schema.org\",\"@graph\":[{\"@type\":\"WebPage\",\"@id\":\"https:\/\/www.swisnot.ch\/it\/actualites\/comment-preparer-une-succession-en-faveur-denfants-handicapes\/\",\"url\":\"https:\/\/www.swisnot.ch\/it\/actualites\/comment-preparer-une-succession-en-faveur-denfants-handicapes\/\",\"name\":\"Comment pr\u00e9parer une succession en faveur d\u2019enfants handicap\u00e9s - swisNot - Le r\u00e9seau notarial suisse\",\"isPartOf\":{\"@id\":\"https:\/\/www.swisnot.ch\/it\/#website\"},\"datePublished\":\"2024-11-27T14:37:04+00:00\",\"description\":\"swisNot, le r\u00e9seau notarial suisse, votre partenaire en mati\u00e8re juridique et fiscale\",\"breadcrumb\":{\"@id\":\"https:\/\/www.swisnot.ch\/it\/actualites\/comment-preparer-une-succession-en-faveur-denfants-handicapes\/#breadcrumb\"},\"inLanguage\":\"it-IT\",\"potentialAction\":[{\"@type\":\"ReadAction\",\"target\":[\"https:\/\/www.swisnot.ch\/it\/actualites\/comment-preparer-une-succession-en-faveur-denfants-handicapes\/\"]}]},{\"@type\":\"BreadcrumbList\",\"@id\":\"https:\/\/www.swisnot.ch\/it\/actualites\/comment-preparer-une-succession-en-faveur-denfants-handicapes\/#breadcrumb\",\"itemListElement\":[{\"@type\":\"ListItem\",\"position\":1,\"name\":\"Accueil\",\"item\":\"https:\/\/www.swisnot.ch\/it\/home\/\"},{\"@type\":\"ListItem\",\"position\":2,\"name\":\"Comment pr\u00e9parer une succession en faveur d\u2019enfants handicap\u00e9s\"}]},{\"@type\":\"WebSite\",\"@id\":\"https:\/\/www.swisnot.ch\/it\/#website\",\"url\":\"https:\/\/www.swisnot.ch\/it\/\",\"name\":\"swisNot - Le r\u00e9seau notarial suisse\",\"description\":\"Votre partenaire en mati\u00e8re juridique et fiscale\",\"potentialAction\":[{\"@type\":\"SearchAction\",\"target\":{\"@type\":\"EntryPoint\",\"urlTemplate\":\"https:\/\/www.swisnot.ch\/it\/?s={search_term_string}\"},\"query-input\":{\"@type\":\"PropertyValueSpecification\",\"valueRequired\":true,\"valueName\":\"search_term_string\"}}],\"inLanguage\":\"it-IT\"}]}<\/script>\n<!-- \/ Yoast SEO plugin. -->","yoast_head_json":{"title":"Comment pr\u00e9parer une succession en faveur d\u2019enfants handicap\u00e9s - swisNot - Le r\u00e9seau notarial suisse","description":"swisNot, le r\u00e9seau notarial suisse, votre partenaire en mati\u00e8re juridique et fiscale","robots":{"index":"index","follow":"follow","max-snippet":"max-snippet:-1","max-image-preview":"max-image-preview:large","max-video-preview":"max-video-preview:-1"},"canonical":"https:\/\/www.swisnot.ch\/it\/actualites\/comment-preparer-une-succession-en-faveur-denfants-handicapes\/","og_locale":"it_IT","og_type":"article","og_title":"Comment pr\u00e9parer une succession en faveur d\u2019enfants handicap\u00e9s - swisNot - Le r\u00e9seau notarial suisse","og_description":"swisNot, le r\u00e9seau notarial suisse, votre partenaire en mati\u00e8re juridique et fiscale","og_url":"https:\/\/www.swisnot.ch\/it\/actualites\/comment-preparer-une-succession-en-faveur-denfants-handicapes\/","og_site_name":"swisNot - Le r\u00e9seau notarial suisse","twitter_card":"summary_large_image","twitter_misc":{"Est. reading time":"11 minutes"},"schema":{"@context":"https:\/\/schema.org","@graph":[{"@type":"WebPage","@id":"https:\/\/www.swisnot.ch\/it\/actualites\/comment-preparer-une-succession-en-faveur-denfants-handicapes\/","url":"https:\/\/www.swisnot.ch\/it\/actualites\/comment-preparer-une-succession-en-faveur-denfants-handicapes\/","name":"Comment pr\u00e9parer une succession en faveur d\u2019enfants handicap\u00e9s - swisNot - Le r\u00e9seau notarial suisse","isPartOf":{"@id":"https:\/\/www.swisnot.ch\/it\/#website"},"datePublished":"2024-11-27T14:37:04+00:00","description":"swisNot, le r\u00e9seau notarial suisse, votre partenaire en mati\u00e8re juridique et fiscale","breadcrumb":{"@id":"https:\/\/www.swisnot.ch\/it\/actualites\/comment-preparer-une-succession-en-faveur-denfants-handicapes\/#breadcrumb"},"inLanguage":"it-IT","potentialAction":[{"@type":"ReadAction","target":["https:\/\/www.swisnot.ch\/it\/actualites\/comment-preparer-une-succession-en-faveur-denfants-handicapes\/"]}]},{"@type":"BreadcrumbList","@id":"https:\/\/www.swisnot.ch\/it\/actualites\/comment-preparer-une-succession-en-faveur-denfants-handicapes\/#breadcrumb","itemListElement":[{"@type":"ListItem","position":1,"name":"Accueil","item":"https:\/\/www.swisnot.ch\/it\/home\/"},{"@type":"ListItem","position":2,"name":"Comment pr\u00e9parer une succession en faveur d\u2019enfants handicap\u00e9s"}]},{"@type":"WebSite","@id":"https:\/\/www.swisnot.ch\/it\/#website","url":"https:\/\/www.swisnot.ch\/it\/","name":"swisNot - Le r\u00e9seau notarial suisse","description":"Votre partenaire en mati\u00e8re juridique et fiscale","potentialAction":[{"@type":"SearchAction","target":{"@type":"EntryPoint","urlTemplate":"https:\/\/www.swisnot.ch\/it\/?s={search_term_string}"},"query-input":{"@type":"PropertyValueSpecification","valueRequired":true,"valueName":"search_term_string"}}],"inLanguage":"it-IT"}]}},"_links":{"self":[{"href":"https:\/\/www.swisnot.ch\/it\/wp-json\/wp\/v2\/actualites\/9491","targetHints":{"allow":["GET"]}}],"collection":[{"href":"https:\/\/www.swisnot.ch\/it\/wp-json\/wp\/v2\/actualites"}],"about":[{"href":"https:\/\/www.swisnot.ch\/it\/wp-json\/wp\/v2\/types\/actualites"}],"version-history":[{"count":2,"href":"https:\/\/www.swisnot.ch\/it\/wp-json\/wp\/v2\/actualites\/9491\/revisions"}],"predecessor-version":[{"id":9497,"href":"https:\/\/www.swisnot.ch\/it\/wp-json\/wp\/v2\/actualites\/9491\/revisions\/9497"}],"wp:attachment":[{"href":"https:\/\/www.swisnot.ch\/it\/wp-json\/wp\/v2\/media?parent=9491"}],"wp:term":[{"taxonomy":"category","embeddable":true,"href":"https:\/\/www.swisnot.ch\/it\/wp-json\/wp\/v2\/categories?post=9491"}],"curies":[{"name":"wp","href":"https:\/\/api.w.org\/{rel}","templated":true}]}}