{"id":9367,"date":"2024-04-08T14:16:06","date_gmt":"2024-04-08T13:16:06","guid":{"rendered":"https:\/\/www.swisnot.ch\/?post_type=actualites&#038;p=9367"},"modified":"2024-04-08T14:16:23","modified_gmt":"2024-04-08T13:16:23","slug":"succession-lors-dune-procedure-de-divorce","status":"publish","type":"actualites","link":"https:\/\/www.swisnot.ch\/it\/actualites\/succession-lors-dune-procedure-de-divorce\/","title":{"rendered":"Succession lors d&#8217;une proc\u00e9dure de divorce"},"content":{"rendered":"<div id='av_section_1'  class='avia-section av-av_section-3ef07c12a2bb1670acbb6a6393332f22 main_color avia-section-default avia-no-border-styling  avia-builder-el-0  el_before_av_section  avia-builder-el-first  avia-bg-style-scroll container_wrap fullsize'  ><div class='container av-section-cont-open' ><main  role=\"main\" itemprop=\"mainContentOfPage\"  class='template-page content  av-content-full alpha units'><div class='post-entry post-entry-type-page post-entry-9367'><div class='entry-content-wrapper clearfix'>\n\n<style type=\"text\/css\" data-created_by=\"avia_inline_auto\" id=\"style-css-av-luqyzm6u-44eb84aa564086ac86f8aaf55e767ccd\">\n#top .av-special-heading.av-luqyzm6u-44eb84aa564086ac86f8aaf55e767ccd{\npadding-bottom:10px;\nfont-size:36px;\n}\nbody .av-special-heading.av-luqyzm6u-44eb84aa564086ac86f8aaf55e767ccd .av-special-heading-tag .heading-char{\nfont-size:25px;\n}\n#top #wrap_all .av-special-heading.av-luqyzm6u-44eb84aa564086ac86f8aaf55e767ccd .av-special-heading-tag{\nfont-size:36px;\n}\n.av-special-heading.av-luqyzm6u-44eb84aa564086ac86f8aaf55e767ccd .av-subheading{\nfont-size:15px;\n}\n\n@media only screen and (min-width: 480px) and (max-width: 767px){ \n#top #wrap_all .av-special-heading.av-luqyzm6u-44eb84aa564086ac86f8aaf55e767ccd .av-special-heading-tag{\nfont-size:0.8em;\n}\n}\n\n@media only screen and (max-width: 479px){ \n#top #wrap_all .av-special-heading.av-luqyzm6u-44eb84aa564086ac86f8aaf55e767ccd .av-special-heading-tag{\nfont-size:0.8em;\n}\n}\n<\/style>\n<div  class='av-special-heading av-luqyzm6u-44eb84aa564086ac86f8aaf55e767ccd av-special-heading-h1 blockquote modern-quote  avia-builder-el-1  el_before_av_two_third  avia-builder-el-first  av-inherit-size av-linked-heading'><h1 class='av-special-heading-tag '  itemprop=\"headline\"  >Succession lors d\u2019une proc\u00e9dure de divorce<\/h1><div class=\"special-heading-border\"><div class=\"special-heading-inner-border\"><\/div><\/div><\/div>\n\n<style type=\"text\/css\" data-created_by=\"avia_inline_auto\" id=\"style-css-av-av_two_third-0a678dcfc3d7d4e5a5705d1394399682\">\n.flex_column.av-av_two_third-0a678dcfc3d7d4e5a5705d1394399682{\nborder-radius:0px 0px 0px 0px;\npadding:0px 0px 0px 0px;\n}\n<\/style>\n<div  class='flex_column av-av_two_third-0a678dcfc3d7d4e5a5705d1394399682 av_two_third  avia-builder-el-2  el_after_av_heading  el_before_av_one_fourth  first flex_column_div av-zero-column-padding  '     ><p>\n<style type=\"text\/css\" data-created_by=\"avia_inline_auto\" id=\"style-css-av-luqyzvv2-9177b0ab3f93ed639bdbe45f39cfe248\">\n#top .av-special-heading.av-luqyzvv2-9177b0ab3f93ed639bdbe45f39cfe248{\npadding-bottom:10px;\n}\nbody .av-special-heading.av-luqyzvv2-9177b0ab3f93ed639bdbe45f39cfe248 .av-special-heading-tag .heading-char{\nfont-size:25px;\n}\n.av-special-heading.av-luqyzvv2-9177b0ab3f93ed639bdbe45f39cfe248 .av-subheading{\nfont-size:15px;\n}\n<\/style>\n<div  class='av-special-heading av-luqyzvv2-9177b0ab3f93ed639bdbe45f39cfe248 av-special-heading-h2 blockquote modern-quote  avia-builder-el-3  el_before_av_textblock  avia-builder-el-first  av-linked-heading'><h2 class='av-special-heading-tag '  itemprop=\"headline\"  >Je suis en proc\u00e9dure de divorce et gravement atteint dans ma sant\u00e9. Mon conjoint h\u00e9ritera-t-il toute \u2014 ou partie de \u2014 sa part successorale si mon d\u00e9c\u00e8s intervient avant le prononc\u00e9 du jugement de divorce ?<\/h2><div class=\"special-heading-border\"><div class=\"special-heading-inner-border\"><\/div><\/div><\/div><br \/>\n<section  class='av_textblock_section av-luqz1g0s-5fd73b36c265468846cfadc37fc44ca9 '   itemscope=\"itemscope\" itemtype=\"https:\/\/schema.org\/CreativeWork\" ><div class='avia_textblock'  itemprop=\"text\" ><p>Pour rappel, le conjoint est un h\u00e9ritier prot\u00e9g\u00e9, appel\u00e9 h\u00e9ritier r\u00e9servataire. Il ne peut en principe pas \u00eatre totalement d\u00e9sh\u00e9rit\u00e9 de mani\u00e8re volontaire (c\u2019est-\u00e0-dire par voie testamentaire). Sa part l\u00e9gale dans la succession \u00e9quivaut \u00e0 la moiti\u00e9 de la succession lorsqu\u2019il h\u00e9rite en concours avec les enfants du d\u00e9funt. Dans ce cas-l\u00e0, sa part r\u00e9servataire (part prot\u00e9g\u00e9e) est d\u2019un quart de la succession. En revanche, la part r\u00e9servataire du conjoint survivant correspond \u00e0 la moiti\u00e9 de la succession lorsque le d\u00e9funt n\u2019a pas d\u2019enfant.<\/p>\n<p>Jusqu\u2019au 31 d\u00e9cembre 2022, il \u00e9tait impossible d\u2019\u00e9carter totalement son conjoint de sa succession, m\u00eame s\u2019il prolongeait inutilement la proc\u00e9dure de divorce pour esp\u00e9rer conserver sa qualit\u00e9 d&#8217;h\u00e9ritier.<\/p>\n<p>Une modification importante du droit matrimonial est cependant entr\u00e9e en vigueur le 1er janvier 2023. Elle est malheureusement pass\u00e9e pratiquement inaper\u00e7ue aux yeux du public. Cette modification permet d\u2019\u00e9viter les cons\u00e9quences p\u00e9nibles d\u2019une situation telle que celle d\u00e9crite dans le paragraphe ci-dessus.<\/p>\n<p>Pour s\u2019assurer que le conjoint ne puisse b\u00e9n\u00e9ficier de droits h\u00e9r\u00e9ditaires si le d\u00e9c\u00e8s intervient durant la proc\u00e9dure de divorce, il faut \u00e9carter deux obstacles : le premier est le droit \u00e0 la part r\u00e9servataire du conjoint survivant et le second est son droit \u00e0 sa part l\u00e9gale \u00e0 la succession au m\u00eame titre que n\u2019importe quel autre h\u00e9ritier l\u00e9gal.<\/p>\n<p>Concernant le premier obstacle, \u00e0 savoir le droit du conjoint \u00e0 sa part r\u00e9servataire, il est important de rappeler que le r\u00e9gime l\u00e9gal pr\u00e9voit d\u00e9sormais \u00e0 l\u2019article 120 al.3 du Code civil que \u00ab sauf clause contraire, les \u00e9poux perdent tous les avantages r\u00e9sultant de dispositions pour cause de mort\u2026 (c\u2019est-\u00e0-dire testament ou pacte successoral ou contrat de mariage) au moment du divorce ou au moment du d\u00e9c\u00e8s si une proc\u00e9dure de divorce entra\u00eenant la perte de la r\u00e9serve du conjoint survivant est pendante \u00bb.<\/p>\n<p>En cas de divorce, la situation est suffisamment claire et ne n\u00e9cessite aucune explication particuli\u00e8re : une fois le divorce prononc\u00e9, les conjoints n\u2019h\u00e9ritent plus l\u2019un de l\u2019autre, qu\u2019il y ait ou non des dispositions pour cause de mort; la part r\u00e9servataire n\u2019est donc plus prot\u00e9g\u00e9e. En cas de d\u00e9c\u00e8s, la situation est plus complexe. Les dispositions pour cause de mort entre conjoints deviennent sans effet si une proc\u00e9dure de divorce entra\u00eenant la perte de la r\u00e9serve du conjoint survivant est pendante. Cette derni\u00e8re condition est remplie \u00ab \u2026 si la proc\u00e9dure de divorce est ouverte sur requ\u00eate commune des conjoints ou si les \u00e9poux ont v\u00e9cu s\u00e9par\u00e9s pendant deux ans au moins au moment du d\u00e9c\u00e8s \u00bb (art. 472 CC). Dans les deux cas de figure d\u00e9crits ci-dessus, le conjoint survivant perd la protection de sa r\u00e9serve h\u00e9r\u00e9ditaire de par la loi tout comme les avantages li\u00e9s aux dispositions pour cause de mort.<\/p>\n<p>Concernant le second obstacle, \u00e0 savoir le droit du conjoint survivant \u00e0 sa part l\u00e9gale, celui-ci demeure tant et aussi longtemps que le divorce n\u2019est pas prononc\u00e9 et ce m\u00eame si les conditions des art.120 al.3 et 472 CC pr\u00e9cit\u00e9s sont r\u00e9unies. De ce fait, il continue \u00e0 pouvoir pr\u00e9tendre \u00e0 ses droits l\u00e9gaux dans la succession de son futur ex-conjoint. N\u2019\u00e9tant plus h\u00e9ritier r\u00e9servataire, il peut toutefois \u00eatre \u00e9cart\u00e9 de la succession par voie testamentaire comme n\u2019importe quel autre h\u00e9ritier l\u00e9gal. Le de cujus \u2014 la personne qui va mourir \u2014 peut alors favoriser ses descendants ou d\u2019autres personnes en lieu et place de son futur ex-conjoint. Naturellement cette solution n\u00e9cessite une d\u00e9marche proactive de la part de la personne qui souhaite se pr\u00e9server des int\u00e9r\u00eats d\u2019un conjoint profiteur. Pour ce faire, il devra se rendre chez son notaire et planifier sa succession de fa\u00e7on pr\u00e9cise et sans \u00e9quivoque.<\/p>\n<\/div><\/section><\/p><\/div>\n<style type=\"text\/css\" data-created_by=\"avia_inline_auto\" id=\"style-css-av-av_one_fourth-f7c1061df29de8cca6b42fcf455fe4a0\">\n.flex_column.av-av_one_fourth-f7c1061df29de8cca6b42fcf455fe4a0{\nborder-radius:0px 0px 0px 0px;\npadding:0px 0px 0px 0px;\n}\n<\/style>\n<div  class='flex_column av-av_one_fourth-f7c1061df29de8cca6b42fcf455fe4a0 av_one_fourth  avia-builder-el-5  el_after_av_two_third  avia-builder-el-last  flex_column_div av-zero-column-padding  '     ><p><section  class='avia-team-member trs-notaire-author   avia-builder-el-6  el_before_av_heading  avia-builder-el-first '  itemscope=\"itemscope\" itemtype=\"https:\/\/schema.org\/Person\" ><div class='team-img-container'><a href=\"https:\/\/www.swisnot.ch\/it\/notaire\/pradervand-francois-vincent\/\"><img decoding=\"async\" width=\"205\" height=\"266\" fetchpriority=\"high\" class='wp-image-8375 avia-img-lazy-loading-not-8375 avia_image avia_image_team' src=\"https:\/\/www.swisnot.ch\/wp\/wp-content\/uploads\/2021\/05\/Pradevand-1.jpg\" alt='Pradervand Fran\u00e7ois-Vincent'  itemprop=\"image\"  \/><\/a><div class='team-social'><div class='team-social-inner'><span class='hidden av_member_url_markup '  itemprop=\"url\" >https:\/\/www.swisnot.ch\/it\/notaire\/pradervand-francois-vincent\/<\/span><a rel='v:url' data-avia-tooltip=\"Page d\u00e9di\u00e9e\" target='_blank' class=' avia-team-icon ' href='https:\/\/www.swisnot.ch\/it\/notaire\/pradervand-francois-vincent\/' aria-hidden='true' data-av_icon='\ue80a' data-av_iconfont='entypo-fontello'><\/a><\/div><\/div><\/div><h3 class='team-member-name'    itemprop=\"name\" >Pradervand Fran\u00e7ois-Vincent<\/h3><div class='team-member-job-title '   itemprop=\"jobTitle\" >Notaire chez <strong><a href=\"https:\/\/www.swisnot.ch\/it\/etudes_notaires\/pradervand-francois-vincent\/\" target=\"_blank\">Pradervand Fran\u00e7ois-Vincent<\/a><\/strong> (NE-IT-2)<\/div><span class='hidden team-member-affiliation'  itemprop=\"affiliation\" >swisNot - Le r\u00e9seau notarial suisse<\/span><\/section><br \/>\n\n<style type=\"text\/css\" data-created_by=\"avia_inline_auto\" id=\"style-css-av-luqz1td2-933831989a24e69a41b5cb3a06f34fd0\">\n#top .av-special-heading.av-luqz1td2-933831989a24e69a41b5cb3a06f34fd0{\npadding-bottom:0;\ncolor:#98012e;\n}\nbody .av-special-heading.av-luqz1td2-933831989a24e69a41b5cb3a06f34fd0 .av-special-heading-tag .heading-char{\nfont-size:25px;\n}\n.av-special-heading.av-luqz1td2-933831989a24e69a41b5cb3a06f34fd0 .special-heading-inner-border{\nborder-color:#98012e;\n}\n.av-special-heading.av-luqz1td2-933831989a24e69a41b5cb3a06f34fd0 .av-subheading{\nfont-size:15px;\n}\n<\/style>\n<div  class='av-special-heading av-luqz1td2-933831989a24e69a41b5cb3a06f34fd0 av-special-heading-h3 custom-color-heading blockquote modern-quote  avia-builder-el-7  el_after_trs_notaire_author  el_before_av_iconlist  av-linked-heading'><h3 class='av-special-heading-tag '  itemprop=\"headline\"  >En quelques points<\/h3><div class=\"special-heading-border\"><div class=\"special-heading-inner-border\"><\/div><\/div><\/div><br \/>\n\n<style type=\"text\/css\" data-created_by=\"avia_inline_auto\" id=\"style-css-av-luqz49ce-fcc616042ef4912bb9877946785d9e10\">\n#top .avia-icon-list-container.av-luqz49ce-fcc616042ef4912bb9877946785d9e10 .iconlist_icon{\ncolor:#b02b2c;\nfont-size:16px;\n}\n#top .avia-icon-list-container.av-luqz49ce-fcc616042ef4912bb9877946785d9e10 .iconlist_icon svg:first-child{\nstroke:#b02b2c;\nfill:#b02b2c;\nheight:16px;\nwidth:16px;\n}\n#top #wrap_all .avia-icon-list-container.av-luqz49ce-fcc616042ef4912bb9877946785d9e10 .av_iconlist_title{\nfont-size:16px;\n}\n<\/style>\n<div  class='avia-icon-list-container av-luqz49ce-fcc616042ef4912bb9877946785d9e10  avia-builder-el-8  el_after_av_heading  el_before_av_button '><ul class='avia-icon-list avia_animate_when_almost_visible avia-icon-list-left av-iconlist-small av-luqz49ce-fcc616042ef4912bb9877946785d9e10 avia-iconlist-animate'>\n<li><div class='iconlist_icon av-luqz3m3q-7840895bea8b4ea60d9f04a3391eccc9 avia-font-entypo-fontello avia-iconfont avia-font-entypo-fontello'><span class='av-icon-char' data-av_icon='\ue812' data-av_iconfont='entypo-fontello' aria-hidden=\"true\"><\/span><\/div><article class=\"article-icon-entry \"  itemscope=\"itemscope\" itemtype=\"https:\/\/schema.org\/CreativeWork\" ><div class=\"iconlist_content_wrap\"><header class=\"entry-content-header\" aria-label=\"Icona: \"><\/header><div class='iconlist_content '  itemprop=\"text\" ><p>Savoir \u00e0 quel moment les dispositions pour cause de mort prises entre \u00e9poux perdent leurs effets<\/p>\n<\/div><\/div><footer class=\"entry-footer\"><\/footer><\/article><div class=\"iconlist-timeline\"><\/div><\/li>\n<li><div class='iconlist_icon av-luqz446l-493ace6e81e8dd99ccbbfb16028638a8 avia-font-entypo-fontello avia-iconfont avia-font-entypo-fontello'><span class='av-icon-char' data-av_icon='\ue812' data-av_iconfont='entypo-fontello' aria-hidden=\"true\"><\/span><\/div><article class=\"article-icon-entry \"  itemscope=\"itemscope\" itemtype=\"https:\/\/schema.org\/CreativeWork\" ><div class=\"iconlist_content_wrap\"><header class=\"entry-content-header\" aria-label=\"Icona: \"><\/header><div class='iconlist_content '  itemprop=\"text\" ><p>Comment puis-je totalement \u00e9carter mon conjoint de ma succession lorsque la proc\u00e9dure de divorce s\u2019\u00e9ternise<\/p>\n<\/div><\/div><footer class=\"entry-footer\"><\/footer><\/article><div class=\"iconlist-timeline\"><\/div><\/li>\n<\/ul><\/div><br \/>\n<div  class='avia-button-wrap av-luqz7332-2bc3b4bb8c103461be58c1475f7f6194-wrap avia-button-center  avia-builder-el-9  el_after_av_iconlist  el_before_av_heading  trs-pdf-button'><a href='https:\/\/www.swisnot.ch\/wp\/wp-content\/uploads\/2024\/04\/Succession_procedure_divorce.pdf'  class='avia-button av-luqz7332-2bc3b4bb8c103461be58c1475f7f6194 av-link-btn avia-icon_select-yes-left-icon avia-size-medium avia-position-center avia-color-theme-color'  target=\"_blank\"  rel=\"noopener noreferrer\"  aria-label=\" Article (PDF)\"><span class='avia_button_icon avia_button_icon_left avia-iconfont avia-font-entypo-fontello' data-av_icon='\ue84d' data-av_iconfont='entypo-fontello' ><\/span><span class='avia_iconbox_title' > Article (PDF)<\/span><\/a><\/div><br \/>\n\n<style type=\"text\/css\" data-created_by=\"avia_inline_auto\" id=\"style-css-av-av_heading-89aef469868d0d20d934c6bcc2fbd519\">\n#top .av-special-heading.av-av_heading-89aef469868d0d20d934c6bcc2fbd519{\nmargin:10px 0 0 0;\npadding-bottom:10px;\n}\nbody .av-special-heading.av-av_heading-89aef469868d0d20d934c6bcc2fbd519 .av-special-heading-tag .heading-char{\nfont-size:25px;\n}\n.av-special-heading.av-av_heading-89aef469868d0d20d934c6bcc2fbd519 .av-subheading{\nfont-size:15px;\n}\n<\/style>\n<div  class='av-special-heading av-av_heading-89aef469868d0d20d934c6bcc2fbd519 av-special-heading-h6 meta-heading blockquote modern-quote modern-centered  avia-builder-el-10  el_after_av_button  avia-builder-el-last '><h6 class='av-special-heading-tag '  itemprop=\"headline\"  >Publi\u00e9 dans le magazine g\u00e9n\u00e9rations par les notaires de swisNot<\/h6><div class=\"special-heading-border\"><div class=\"special-heading-inner-border\"><\/div><\/div><\/div><\/p><\/div><\/div><\/div><\/main><!-- close content main element --><\/div><\/div><div id='av_section_2'  class='avia-section av-av_section-46ce1733c35ae24b9d75b0cc88a8631c main_color avia-section-default avia-no-border-styling  avia-builder-el-11  el_after_av_section  avia-builder-el-last  avia-bg-style-scroll container_wrap fullsize'  ><div class='container av-section-cont-open' ><div class='template-page content  av-content-full alpha units'><div class='post-entry post-entry-type-page post-entry-9367'><div class='entry-content-wrapper clearfix'>\n\n<style type=\"text\/css\" data-created_by=\"avia_inline_auto\" id=\"style-css-av-av_heading-e0fd89ff5bb5365333703156ecfb8088\">\n#top .av-special-heading.av-av_heading-e0fd89ff5bb5365333703156ecfb8088{\npadding-bottom:10px;\n}\nbody .av-special-heading.av-av_heading-e0fd89ff5bb5365333703156ecfb8088 .av-special-heading-tag .heading-char{\nfont-size:25px;\n}\n.av-special-heading.av-av_heading-e0fd89ff5bb5365333703156ecfb8088 .av-subheading{\nfont-size:15px;\n}\n<\/style>\n<div  class='av-special-heading av-av_heading-e0fd89ff5bb5365333703156ecfb8088 av-special-heading-h3 blockquote modern-quote  avia-builder-el-12  el_before_av_masonry_entries  avia-builder-el-no-sibling  trs-special-underline'><h3 class='av-special-heading-tag '  itemprop=\"headline\"  >Plus d\u2019actualit\u00e9s swisNot <\/h3><div class=\"special-heading-border\"><div class=\"special-heading-inner-border\"><\/div><\/div><\/div>\n<div id='av-masonry-1' class='av-masonry av-av_masonry_entries-355491b55a5aba908cd5ea1fad2f6346 noHover av-fixed-size av-large-gap av-hover-overlay-active av-masonry-animation-active av-masonry-col-flexible av-caption-always av-caption-style- av-masonry-entries ' data-post_id=\"9367\"><div class=\"av-masonry-container isotope av-js-disabled\"><div class='av-masonry-entry isotope-item av-masonry-item-no-image all_sort'><\/div><a href=\"https:\/\/www.swisnot.ch\/it\/actualites\/revision-du-droit-des-successions\/\"  id='av-masonry-1-item-7888' data-av-masonry-item='7888' class='av-masonry-entry isotope-item post-7888 actualites type-actualites status-publish hentry all_sort av-masonry-item-no-image' title=\"R\u00e9vision du droit des successions\"   itemscope=\"itemscope\" itemtype=\"https:\/\/schema.org\/CreativeWork\" ><div class='av-inner-masonry-sizer'><\/div><figure class='av-inner-masonry main_color'><figcaption class='av-inner-masonry-content site-background'><div class='av-inner-masonry-content-pos'><div class='av-inner-masonry-content-pos-content'><div class='avia-arrow'><\/div><h3 class='av-masonry-entry-title entry-title '  itemprop=\"headline\" >R\u00e9vision du droit des successions<\/h3><\/div><\/div><\/figcaption><\/figure><\/a><!--end av-masonry entry--><a href=\"https:\/\/www.swisnot.ch\/it\/actualites\/le-casse-tete-de-la-succession-dans-les-familles-recomposees\/\"  id='av-masonry-1-item-9834' data-av-masonry-item='9834' class='av-masonry-entry isotope-item post-9834 actualites type-actualites status-publish hentry all_sort av-masonry-item-no-image' title=\"Le casse-t\u00eate de la succession dans les familles recompos\u00e9es\"   itemscope=\"itemscope\" itemtype=\"https:\/\/schema.org\/CreativeWork\" ><div class='av-inner-masonry-sizer'><\/div><figure class='av-inner-masonry main_color'><figcaption class='av-inner-masonry-content site-background'><div class='av-inner-masonry-content-pos'><div class='av-inner-masonry-content-pos-content'><div class='avia-arrow'><\/div><h3 class='av-masonry-entry-title entry-title '  itemprop=\"headline\" >Le casse-t\u00eate de la succession dans les familles recompos\u00e9es<\/h3><\/div><\/div><\/figcaption><\/figure><\/a><!--end av-masonry entry--><a href=\"https:\/\/www.swisnot.ch\/it\/actualites\/la-procuration-ne-suffit-pas-toujours\/\"  id='av-masonry-1-item-9826' data-av-masonry-item='9826' class='av-masonry-entry isotope-item post-9826 actualites type-actualites status-publish hentry all_sort av-masonry-item-no-image' title=\"La procuration ne suffit pas toujours\"   itemscope=\"itemscope\" itemtype=\"https:\/\/schema.org\/CreativeWork\" ><div class='av-inner-masonry-sizer'><\/div><figure class='av-inner-masonry main_color'><figcaption class='av-inner-masonry-content site-background'><div class='av-inner-masonry-content-pos'><div class='av-inner-masonry-content-pos-content'><div class='avia-arrow'><\/div><h3 class='av-masonry-entry-title entry-title '  itemprop=\"headline\" >La procuration ne suffit pas toujours<\/h3><\/div><\/div><\/figcaption><\/figure><\/a><!--end av-masonry entry--><a href=\"https:\/\/www.swisnot.ch\/it\/actualites\/donations-un-geste-a-double-tranchant\/\"  id='av-masonry-1-item-9821' data-av-masonry-item='9821' class='av-masonry-entry isotope-item post-9821 actualites type-actualites status-publish hentry all_sort av-masonry-item-no-image' title=\"Donations, un geste \u00e0 double tranchant\"   itemscope=\"itemscope\" itemtype=\"https:\/\/schema.org\/CreativeWork\" ><div class='av-inner-masonry-sizer'><\/div><figure class='av-inner-masonry main_color'><figcaption class='av-inner-masonry-content site-background'><div class='av-inner-masonry-content-pos'><div class='av-inner-masonry-content-pos-content'><div class='avia-arrow'><\/div><h3 class='av-masonry-entry-title entry-title '  itemprop=\"headline\" >Donations, un geste \u00e0 double tranchant<\/h3><\/div><\/div><\/figcaption><\/figure><\/a><!--end av-masonry entry--><a href=\"https:\/\/www.swisnot.ch\/it\/actualites\/et-si-vous-netiez-plus-en-mesure-de-decider\/\"  id='av-masonry-1-item-9804' data-av-masonry-item='9804' class='av-masonry-entry isotope-item post-9804 actualites type-actualites status-publish hentry all_sort av-masonry-item-no-image' title=\"Et si vous n\u2019\u00e9tiez plus en mesure de d\u00e9cider ?\"   itemscope=\"itemscope\" itemtype=\"https:\/\/schema.org\/CreativeWork\" ><div class='av-inner-masonry-sizer'><\/div><figure class='av-inner-masonry main_color'><figcaption class='av-inner-masonry-content site-background'><div class='av-inner-masonry-content-pos'><div class='av-inner-masonry-content-pos-content'><div class='avia-arrow'><\/div><h3 class='av-masonry-entry-title entry-title '  itemprop=\"headline\" >Et si vous n\u2019\u00e9tiez plus en mesure de d\u00e9cider ?<\/h3><\/div><\/div><\/figcaption><\/figure><\/a><!--end av-masonry entry--><a href=\"https:\/\/www.swisnot.ch\/it\/actualites\/preter-de-largent-a-ses-enfants\/\"  id='av-masonry-1-item-9777' data-av-masonry-item='9777' class='av-masonry-entry isotope-item post-9777 actualites type-actualites status-publish hentry all_sort av-masonry-item-no-image' title=\"Pr\u00eater de l\u2019argent \u00e0 ses enfants ?\"   itemscope=\"itemscope\" itemtype=\"https:\/\/schema.org\/CreativeWork\" ><div class='av-inner-masonry-sizer'><\/div><figure class='av-inner-masonry main_color'><figcaption class='av-inner-masonry-content site-background'><div class='av-inner-masonry-content-pos'><div class='av-inner-masonry-content-pos-content'><div class='avia-arrow'><\/div><h3 class='av-masonry-entry-title entry-title '  itemprop=\"headline\" >Pr\u00eater de l\u2019argent \u00e0 ses enfants ?<\/h3><\/div><\/div><\/figcaption><\/figure><\/a><!--end av-masonry entry--><\/div><a class='av-masonry-pagination av-masonry-load-more' href='#load-more'  data-post_type='actualites'  data-link='category, 15'  data-term_rel='IN'  data-wc_prod_visible=''  data-wc_prod_hidden='hide'  data-wc_prod_featured=''  data-wc_prod_sale=''  data-prod_order_by=''  data-prod_order=''  data-date_filter=''  data-date_filter_start=''  data-date_filter_end=''  data-date_filter_format='yy\/mm\/dd'  data-period_filter_unit_1=''  data-period_filter_unit_2=''  data-page_element_filter=''  data-sort='yes'  data-query_orderby='date'  data-query_order='DESC'  data-caption_elements='title'  data-caption_styling=''  data-caption_display='always'  data-img_copyright=''  data-size='fixed masonry'  data-orientation=''  data-image_size='masonry'  data-gap='large'  data-columns='flexible'  data-av-desktop-columns=''  data-av-medium-columns=''  data-av-small-columns=''  data-av-mini-columns=''  data-items='6'  data-paginate='load_more'  data-color=''  data-custom_bg=''  data-img_copyright_font=''  data-av-desktop-font-img_copyright_font=''  data-av-medium-font-img_copyright_font=''  data-av-small-font-img_copyright_font=''  data-av-mini-font-img_copyright_font=''  data-img_copyright_color=''  data-img_copyright_bg=''  data-animation='active'  data-animation_duration=''  data-animation_custom_bg_color=''  data-animation_custom_bg_color_multi_list=''  data-animation_z_index_curtain='100'  data-overlay_fx='active'  data-img_scrset=''  data-lazy_loading='disabled'  data-av-desktop-hide=''  data-av-medium-hide=''  data-av-small-hide=''  data-av-mini-hide=''  data-alb_description=''  data-id=''  data-custom_class=''  data-template_class=''  data-av_uid=''  data-sc_version='1.0'  data-ids=''  data-action=''  data-offset='0'  data-container_links='active'  data-link_dest=''  data-lightbox_text=''  data-container_class='av-masonry-entries'  data-auto_ratio='1.7'  data-set_breadcrumb='1'  data-custom_markup=''  data-taxonomy='category'  data-categories=''  data-avno='a15256f63b'>Carica di pi\u00f9<\/a><\/div>\n<\/p>\n","protected":false},"excerpt":{"rendered":"<p>Je suis en proc\u00e9dure de divorce et gravement atteint dans ma sant\u00e9. Mon conjoint h\u00e9ritera-t-il toute \u2014 ou partie de \u2014 sa part successorale si mon d\u00e9c\u00e8s intervient avant le prononc\u00e9 du jugement de divorce ?<\/p>\n","protected":false},"menu_order":0,"template":"","meta":{"_acf_changed":false,"footnotes":""},"categories":[],"class_list":["post-9367","actualites","type-actualites","status-publish","hentry"],"acf":[],"yoast_head":"<!-- This site is optimized with the Yoast SEO plugin v24.9 - https:\/\/yoast.com\/wordpress\/plugins\/seo\/ -->\n<title>Succession lors d&#039;une proc\u00e9dure de divorce - swisNot - Le r\u00e9seau notarial suisse<\/title>\n<meta name=\"description\" content=\"swisNot, le r\u00e9seau notarial suisse, votre partenaire en mati\u00e8re juridique et fiscale\" \/>\n<meta name=\"robots\" content=\"index, follow, max-snippet:-1, max-image-preview:large, max-video-preview:-1\" \/>\n<link rel=\"canonical\" href=\"https:\/\/www.swisnot.ch\/it\/actualites\/succession-lors-dune-procedure-de-divorce\/\" \/>\n<meta property=\"og:locale\" content=\"it_IT\" \/>\n<meta property=\"og:type\" content=\"article\" \/>\n<meta property=\"og:title\" content=\"Succession lors d&#039;une proc\u00e9dure de divorce - swisNot - Le r\u00e9seau notarial suisse\" \/>\n<meta property=\"og:description\" content=\"swisNot, le r\u00e9seau notarial suisse, votre partenaire en mati\u00e8re juridique et fiscale\" \/>\n<meta property=\"og:url\" content=\"https:\/\/www.swisnot.ch\/it\/actualites\/succession-lors-dune-procedure-de-divorce\/\" \/>\n<meta property=\"og:site_name\" content=\"swisNot - Le r\u00e9seau notarial suisse\" \/>\n<meta property=\"article:modified_time\" content=\"2024-04-08T13:16:23+00:00\" \/>\n<meta name=\"twitter:card\" content=\"summary_large_image\" \/>\n<meta name=\"twitter:label1\" content=\"Est. reading time\" \/>\n\t<meta name=\"twitter:data1\" content=\"11 minutes\" \/>\n<script type=\"application\/ld+json\" class=\"yoast-schema-graph\">{\"@context\":\"https:\/\/schema.org\",\"@graph\":[{\"@type\":\"WebPage\",\"@id\":\"https:\/\/www.swisnot.ch\/it\/actualites\/succession-lors-dune-procedure-de-divorce\/\",\"url\":\"https:\/\/www.swisnot.ch\/it\/actualites\/succession-lors-dune-procedure-de-divorce\/\",\"name\":\"Succession lors d'une proc\u00e9dure de divorce - swisNot - Le r\u00e9seau notarial suisse\",\"isPartOf\":{\"@id\":\"https:\/\/www.swisnot.ch\/it\/#website\"},\"datePublished\":\"2024-04-08T13:16:06+00:00\",\"dateModified\":\"2024-04-08T13:16:23+00:00\",\"description\":\"swisNot, le r\u00e9seau notarial suisse, votre partenaire en mati\u00e8re juridique et fiscale\",\"breadcrumb\":{\"@id\":\"https:\/\/www.swisnot.ch\/it\/actualites\/succession-lors-dune-procedure-de-divorce\/#breadcrumb\"},\"inLanguage\":\"it-IT\",\"potentialAction\":[{\"@type\":\"ReadAction\",\"target\":[\"https:\/\/www.swisnot.ch\/it\/actualites\/succession-lors-dune-procedure-de-divorce\/\"]}]},{\"@type\":\"BreadcrumbList\",\"@id\":\"https:\/\/www.swisnot.ch\/it\/actualites\/succession-lors-dune-procedure-de-divorce\/#breadcrumb\",\"itemListElement\":[{\"@type\":\"ListItem\",\"position\":1,\"name\":\"Accueil\",\"item\":\"https:\/\/www.swisnot.ch\/it\/home\/\"},{\"@type\":\"ListItem\",\"position\":2,\"name\":\"Succession lors d&#8217;une proc\u00e9dure de divorce\"}]},{\"@type\":\"WebSite\",\"@id\":\"https:\/\/www.swisnot.ch\/it\/#website\",\"url\":\"https:\/\/www.swisnot.ch\/it\/\",\"name\":\"swisNot - Le r\u00e9seau notarial suisse\",\"description\":\"Votre partenaire en mati\u00e8re juridique et fiscale\",\"potentialAction\":[{\"@type\":\"SearchAction\",\"target\":{\"@type\":\"EntryPoint\",\"urlTemplate\":\"https:\/\/www.swisnot.ch\/it\/?s={search_term_string}\"},\"query-input\":{\"@type\":\"PropertyValueSpecification\",\"valueRequired\":true,\"valueName\":\"search_term_string\"}}],\"inLanguage\":\"it-IT\"}]}<\/script>\n<!-- \/ Yoast SEO plugin. -->","yoast_head_json":{"title":"Succession lors d'une proc\u00e9dure de divorce - swisNot - Le r\u00e9seau notarial suisse","description":"swisNot, le r\u00e9seau notarial suisse, votre partenaire en mati\u00e8re juridique et fiscale","robots":{"index":"index","follow":"follow","max-snippet":"max-snippet:-1","max-image-preview":"max-image-preview:large","max-video-preview":"max-video-preview:-1"},"canonical":"https:\/\/www.swisnot.ch\/it\/actualites\/succession-lors-dune-procedure-de-divorce\/","og_locale":"it_IT","og_type":"article","og_title":"Succession lors d'une proc\u00e9dure de divorce - swisNot - Le r\u00e9seau notarial suisse","og_description":"swisNot, le r\u00e9seau notarial suisse, votre partenaire en mati\u00e8re juridique et fiscale","og_url":"https:\/\/www.swisnot.ch\/it\/actualites\/succession-lors-dune-procedure-de-divorce\/","og_site_name":"swisNot - Le r\u00e9seau notarial suisse","article_modified_time":"2024-04-08T13:16:23+00:00","twitter_card":"summary_large_image","twitter_misc":{"Est. reading time":"11 minutes"},"schema":{"@context":"https:\/\/schema.org","@graph":[{"@type":"WebPage","@id":"https:\/\/www.swisnot.ch\/it\/actualites\/succession-lors-dune-procedure-de-divorce\/","url":"https:\/\/www.swisnot.ch\/it\/actualites\/succession-lors-dune-procedure-de-divorce\/","name":"Succession lors d'une proc\u00e9dure de divorce - swisNot - Le r\u00e9seau notarial suisse","isPartOf":{"@id":"https:\/\/www.swisnot.ch\/it\/#website"},"datePublished":"2024-04-08T13:16:06+00:00","dateModified":"2024-04-08T13:16:23+00:00","description":"swisNot, le r\u00e9seau notarial suisse, votre partenaire en mati\u00e8re juridique et fiscale","breadcrumb":{"@id":"https:\/\/www.swisnot.ch\/it\/actualites\/succession-lors-dune-procedure-de-divorce\/#breadcrumb"},"inLanguage":"it-IT","potentialAction":[{"@type":"ReadAction","target":["https:\/\/www.swisnot.ch\/it\/actualites\/succession-lors-dune-procedure-de-divorce\/"]}]},{"@type":"BreadcrumbList","@id":"https:\/\/www.swisnot.ch\/it\/actualites\/succession-lors-dune-procedure-de-divorce\/#breadcrumb","itemListElement":[{"@type":"ListItem","position":1,"name":"Accueil","item":"https:\/\/www.swisnot.ch\/it\/home\/"},{"@type":"ListItem","position":2,"name":"Succession lors d&#8217;une proc\u00e9dure de divorce"}]},{"@type":"WebSite","@id":"https:\/\/www.swisnot.ch\/it\/#website","url":"https:\/\/www.swisnot.ch\/it\/","name":"swisNot - Le r\u00e9seau notarial suisse","description":"Votre partenaire en mati\u00e8re juridique et fiscale","potentialAction":[{"@type":"SearchAction","target":{"@type":"EntryPoint","urlTemplate":"https:\/\/www.swisnot.ch\/it\/?s={search_term_string}"},"query-input":{"@type":"PropertyValueSpecification","valueRequired":true,"valueName":"search_term_string"}}],"inLanguage":"it-IT"}]}},"_links":{"self":[{"href":"https:\/\/www.swisnot.ch\/it\/wp-json\/wp\/v2\/actualites\/9367","targetHints":{"allow":["GET"]}}],"collection":[{"href":"https:\/\/www.swisnot.ch\/it\/wp-json\/wp\/v2\/actualites"}],"about":[{"href":"https:\/\/www.swisnot.ch\/it\/wp-json\/wp\/v2\/types\/actualites"}],"version-history":[{"count":2,"href":"https:\/\/www.swisnot.ch\/it\/wp-json\/wp\/v2\/actualites\/9367\/revisions"}],"predecessor-version":[{"id":9374,"href":"https:\/\/www.swisnot.ch\/it\/wp-json\/wp\/v2\/actualites\/9367\/revisions\/9374"}],"wp:attachment":[{"href":"https:\/\/www.swisnot.ch\/it\/wp-json\/wp\/v2\/media?parent=9367"}],"wp:term":[{"taxonomy":"category","embeddable":true,"href":"https:\/\/www.swisnot.ch\/it\/wp-json\/wp\/v2\/categories?post=9367"}],"curies":[{"name":"wp","href":"https:\/\/api.w.org\/{rel}","templated":true}]}}