{"id":9179,"date":"2023-11-06T13:29:13","date_gmt":"2023-11-06T12:29:13","guid":{"rendered":"https:\/\/www.swisnot.ch\/actualites\/je-peux-disposer-librement-de-tous-mes-biens-oui-mais-copy-copy-copy\/"},"modified":"2023-11-06T13:38:12","modified_gmt":"2023-11-06T12:38:12","slug":"je-peux-disposer-librement-de-tous-mes-biens-oui-mais-copy-copy-copy","status":"publish","type":"actualites","link":"https:\/\/www.swisnot.ch\/en\/actualites\/je-peux-disposer-librement-de-tous-mes-biens-oui-mais-copy-copy-copy\/","title":{"rendered":"Nouveau droit successoral : les effets d&#8217;un divorce"},"content":{"rendered":"<div id='av_section_1'  class='avia-section av-di89ij-10cc6c5915885b9ae53d8d30a0bfd62a main_color avia-section-default avia-no-border-styling  avia-builder-el-0  el_before_av_section  avia-builder-el-first  avia-bg-style-scroll container_wrap fullsize'  ><div class='container av-section-cont-open' ><main  role=\"main\" itemprop=\"mainContentOfPage\"  class='template-page content  av-content-full alpha units'><div class='post-entry post-entry-type-page post-entry-9179'><div class='entry-content-wrapper clearfix'>\n\n<style type=\"text\/css\" data-created_by=\"avia_inline_auto\" id=\"style-css-av-l8udo1w5-24503bd7d011bfd83a31385ff81db875\">\n#top .av-special-heading.av-l8udo1w5-24503bd7d011bfd83a31385ff81db875{\npadding-bottom:10px;\nfont-size:36px;\n}\nbody .av-special-heading.av-l8udo1w5-24503bd7d011bfd83a31385ff81db875 .av-special-heading-tag .heading-char{\nfont-size:25px;\n}\n#top #wrap_all .av-special-heading.av-l8udo1w5-24503bd7d011bfd83a31385ff81db875 .av-special-heading-tag{\nfont-size:36px;\n}\n.av-special-heading.av-l8udo1w5-24503bd7d011bfd83a31385ff81db875 .av-subheading{\nfont-size:15px;\n}\n\n@media only screen and (min-width: 480px) and (max-width: 767px){ \n#top #wrap_all .av-special-heading.av-l8udo1w5-24503bd7d011bfd83a31385ff81db875 .av-special-heading-tag{\nfont-size:0.8em;\n}\n}\n\n@media only screen and (max-width: 479px){ \n#top #wrap_all .av-special-heading.av-l8udo1w5-24503bd7d011bfd83a31385ff81db875 .av-special-heading-tag{\nfont-size:0.8em;\n}\n}\n<\/style>\n<div  class='av-special-heading av-l8udo1w5-24503bd7d011bfd83a31385ff81db875 av-special-heading-h1 blockquote modern-quote  avia-builder-el-1  el_before_av_two_third  avia-builder-el-first  av-inherit-size av-linked-heading'><h1 class='av-special-heading-tag '  itemprop=\"headline\"  >Nouveau droit successoral : les effets d\u2019un divorce <\/h1><div class=\"special-heading-border\"><div class=\"special-heading-inner-border\"><\/div><\/div><\/div>\n\n<style type=\"text\/css\" data-created_by=\"avia_inline_auto\" id=\"style-css-av-d6l0x7-9c2c8319478b4a3a4b20bf9338ea70a3\">\n.flex_column.av-d6l0x7-9c2c8319478b4a3a4b20bf9338ea70a3{\nborder-radius:0px 0px 0px 0px;\npadding:0px 0px 0px 0px;\n}\n<\/style>\n<div  class='flex_column av-d6l0x7-9c2c8319478b4a3a4b20bf9338ea70a3 av_two_third  avia-builder-el-2  el_after_av_heading  el_before_av_one_fourth  first flex_column_div av-zero-column-padding  '     ><p>\n<style type=\"text\/css\" data-created_by=\"avia_inline_auto\" id=\"style-css-av-l8udo90m-5085d80e3ec73cf8a278677d3823f36d\">\n#top .av-special-heading.av-l8udo90m-5085d80e3ec73cf8a278677d3823f36d{\npadding-bottom:10px;\n}\nbody .av-special-heading.av-l8udo90m-5085d80e3ec73cf8a278677d3823f36d .av-special-heading-tag .heading-char{\nfont-size:25px;\n}\n.av-special-heading.av-l8udo90m-5085d80e3ec73cf8a278677d3823f36d .av-subheading{\nfont-size:15px;\n}\n<\/style>\n<div  class='av-special-heading av-l8udo90m-5085d80e3ec73cf8a278677d3823f36d av-special-heading-h2 blockquote modern-quote  avia-builder-el-3  el_before_av_textblock  avia-builder-el-first  av-linked-heading'><h2 class='av-special-heading-tag '  itemprop=\"headline\"  >Le 1er janvier 2023, le nouveau droit des successions est entr\u00e9 en vigueur et a modifi\u00e9 ainsi un syst\u00e8me qui n\u2019\u00e9tait plus forc\u00e9ment adapt\u00e9 \u00e0 la soci\u00e9t\u00e9 actuelle. Cette modernisation accorde une plus grande libert\u00e9 \u00e0 chacun dans sa planification successorale.<\/h2><div class=\"special-heading-border\"><div class=\"special-heading-inner-border\"><\/div><\/div><\/div><br \/>\n<section  class='av_textblock_section av-l8udpky8-d6359d37a7acedd87dc1a23eb4484dcd '   itemscope=\"itemscope\" itemtype=\"https:\/\/schema.org\/CreativeWork\" ><div class='avia_textblock'  itemprop=\"text\" ><p>Georges \u2014 non pas qu\u2019il doute de son mariage avec Mich\u00e8le \u2014 s\u2019est souvent interrog\u00e9 sur le sort de sa succession s\u2019il venait \u00e0 divorcer. Tr\u00e8s pr\u00e9voyant, il sait que les proc\u00e9dures de divorce peuvent parfois durer des ann\u00e9es et que, s\u2019il devait d\u00e9c\u00e9der avant la fin d\u2019une telle proc\u00e9dure, il trouverait injuste que son \u00e9pouse puisse rester son h\u00e9riti\u00e8re.<\/p>\n<p>Jusqu\u2019au 1er janvier 2023, c\u2019\u00e9tait le jugement d\u00e9finitif de divorce, qui mettait un terme \u00e0 toutes les pr\u00e9tentions d\u2019un ex-\u00e9poux dans la succession de son conjoint. Ainsi, Mich\u00e8le n\u2019aurait perdu ses pr\u00e9tentions h\u00e9r\u00e9ditaires \u2014 l\u00e9gales ou r\u00e9servataires \u2014 dans la succession de Georges qu\u2019avec la perte effective de sa qualit\u00e9 d\u2019\u00e9pouse. Face \u00e0 l\u2019ins\u00e9curit\u00e9 de ce syst\u00e8me, il \u00e9tait fr\u00e9quemment pr\u00e9vu par disposition pour cause de mort que les pr\u00e9tentions du conjoint devaient \u00eatre r\u00e9duites \u00e0 sa r\u00e9serve h\u00e9r\u00e9ditaire \u2014 c\u2019est-\u00e0-dire, la part minimale qui devait obligatoirement lui revenir \u2014 d\u00e8s l\u2019introduction d\u2019une proc\u00e9dure de divorce. Ce syst\u00e8me demeurait toutefois insatisfaisant, puisqu\u2019en cours de proc\u00e9dure de divorce, le conjoint survivant conservait des pr\u00e9tentions, \u00e0 hauteur de sa r\u00e9serve l\u00e9gale, contre la succession de son \u00ab futur ex-\u00e9poux \u00bb.<\/p>\n<p>Depuis le 1er janvier 2023, d\u00e8s qu\u2019une proc\u00e9dure de divorce est pendante et qu\u2019elle a \u00e9t\u00e9 introduite par requ\u00eate commune des \u00e9poux ou s\u2019ils ont v\u00e9cu s\u00e9par\u00e9s depuis au moins deux ans, le conjoint survivant perd l\u00e9galement:<\/p>\n<p>\u2022 son droit \u00e0 sa r\u00e9serve h\u00e9r\u00e9ditaire ;<\/p>\n<p>\u2022 ses droits r\u00e9sultant de disposition pour cause de mort ; ainsi que<\/p>\n<p>\u2022 ses droits \u00e0 des pr\u00e9tentions r\u00e9sultant de modifications du r\u00e9gime l\u00e9gal de partage du r\u00e9gime matrimonial des \u00e9poux.<\/p>\n<p>Malgr\u00e9 la perte de sa qualit\u00e9 d\u2019h\u00e9ritier r\u00e9servataire, le conjoint survivant demeure malgr\u00e9 tout encore h\u00e9ritier l\u00e9gal \u2014 en principe, \u00e0 hauteur de la moiti\u00e9 de la succession ! \u2014 jusqu\u2019au jugement d\u00e9finitif de divorce. Contrairement \u00e0 un h\u00e9ritier r\u00e9servataire, un h\u00e9ritier \u00ab uniquement \u00bb l\u00e9gal peut toutefois \u00eatre enti\u00e8rement d\u00e9muni de ses pr\u00e9tentions successorales.<\/p>\n<p>Ainsi, si Georges souhaite totalement exclure Mich\u00e8le de sa succession en cas de proc\u00e9dure de divorce sur requ\u00eate commune ou en cas de s\u00e9paration depuis deux ans au moins, il doit le pr\u00e9voir dans une disposition pour cause de mort, sans que Mich\u00e8le ne puisse valablement attaquer cette disposition. Faute pour Georges d\u2019avoir r\u00e9gl\u00e9 sa succession sur ce point, Mich\u00e8le aura droit \u00e0 sa part l\u00e9gale, m\u00eame si les deux \u00e9poux sont, au moment du d\u00e9c\u00e8s de Georges, en instance de divorce.<\/p>\n<\/div><\/section><\/p><\/div>\n<style type=\"text\/css\" data-created_by=\"avia_inline_auto\" id=\"style-css-av-b8j5vv-533062e02170793ee44b07a243b9f158\">\n.flex_column.av-b8j5vv-533062e02170793ee44b07a243b9f158{\nborder-radius:0px 0px 0px 0px;\npadding:0px 0px 0px 0px;\n}\n<\/style>\n<div  class='flex_column av-b8j5vv-533062e02170793ee44b07a243b9f158 av_one_fourth  avia-builder-el-5  el_after_av_two_third  avia-builder-el-last  flex_column_div av-zero-column-padding  '     ><p><section  class='avia-team-member trs-notaire-author   avia-builder-el-6  el_before_av_heading  avia-builder-el-first '  itemscope=\"itemscope\" itemtype=\"https:\/\/schema.org\/Person\" ><div class='team-img-container'><a href=\"https:\/\/www.swisnot.ch\/en\/notaire\/8662\/\"><img decoding=\"async\" width=\"1034\" height=\"1070\" fetchpriority=\"high\" class='wp-image-9105 avia-img-lazy-loading-not-9105 avia_image avia_image_team' src=\"https:\/\/www.swisnot.ch\/wp\/wp-content\/uploads\/2023\/05\/Quentin-Bartschi.jpg\" alt='B\u00e4rtschi Quentin'  itemprop=\"image\" srcset=\"https:\/\/www.swisnot.ch\/wp\/wp-content\/uploads\/2023\/05\/Quentin-Bartschi.jpg 1034w, https:\/\/www.swisnot.ch\/wp\/wp-content\/uploads\/2023\/05\/Quentin-Bartschi-290x300.jpg 290w, https:\/\/www.swisnot.ch\/wp\/wp-content\/uploads\/2023\/05\/Quentin-Bartschi-995x1030.jpg 995w, https:\/\/www.swisnot.ch\/wp\/wp-content\/uploads\/2023\/05\/Quentin-Bartschi-768x795.jpg 768w, https:\/\/www.swisnot.ch\/wp\/wp-content\/uploads\/2023\/05\/Quentin-Bartschi-36x36.jpg 36w, https:\/\/www.swisnot.ch\/wp\/wp-content\/uploads\/2023\/05\/Quentin-Bartschi-681x705.jpg 681w\" sizes=\"(max-width: 1034px) 100vw, 1034px\" \/><\/a><div class='team-social'><div class='team-social-inner'><span class='hidden av_member_url_markup '  itemprop=\"url\" >https:\/\/www.swisnot.ch\/en\/notaire\/8662\/<\/span><a rel='v:url' data-avia-tooltip=\"Page d\u00e9di\u00e9e\" target='_blank' class=' avia-team-icon ' href='https:\/\/www.swisnot.ch\/en\/notaire\/8662\/' aria-hidden='true' data-av_icon='\ue80a' data-av_iconfont='entypo-fontello'><\/a><\/div><\/div><\/div><h3 class='team-member-name'    itemprop=\"name\" >B\u00e4rtschi Quentin<\/h3><div class='team-member-job-title '   itemprop=\"jobTitle\" >Notaire chez <strong><a href=\"https:\/\/www.swisnot.ch\/en\/etudes_notaires\/kellerhals-carrard-gstaad\/\" target=\"_blank\">Kellerhals Carrard Gstaad<\/a><\/strong> (BE-EN-2)<\/div><span class='hidden team-member-affiliation'  itemprop=\"affiliation\" >swisNot - Le r\u00e9seau notarial suisse<\/span><\/section><br \/>\n\n<style type=\"text\/css\" data-created_by=\"avia_inline_auto\" id=\"style-css-av-l8udmrxl-a56559dff1cd0b2118772688f3ae8922\">\n#top .av-special-heading.av-l8udmrxl-a56559dff1cd0b2118772688f3ae8922{\npadding-bottom:0;\ncolor:#98012e;\n}\nbody .av-special-heading.av-l8udmrxl-a56559dff1cd0b2118772688f3ae8922 .av-special-heading-tag .heading-char{\nfont-size:25px;\n}\n.av-special-heading.av-l8udmrxl-a56559dff1cd0b2118772688f3ae8922 .special-heading-inner-border{\nborder-color:#98012e;\n}\n.av-special-heading.av-l8udmrxl-a56559dff1cd0b2118772688f3ae8922 .av-subheading{\nfont-size:15px;\n}\n<\/style>\n<div  class='av-special-heading av-l8udmrxl-a56559dff1cd0b2118772688f3ae8922 av-special-heading-h3 custom-color-heading blockquote modern-quote  avia-builder-el-7  el_after_trs_notaire_author  el_before_av_iconlist  av-linked-heading'><h3 class='av-special-heading-tag '  itemprop=\"headline\"  >En quelques points <\/h3><div class=\"special-heading-border\"><div class=\"special-heading-inner-border\"><\/div><\/div><\/div><br \/>\n\n<style type=\"text\/css\" data-created_by=\"avia_inline_auto\" id=\"style-css-av-l8udnq0d-e510c12a95d88edbcdb36a086bf58a9e\">\n#top .avia-icon-list-container.av-l8udnq0d-e510c12a95d88edbcdb36a086bf58a9e .iconlist_icon{\ncolor:#b02b2c;\nfont-size:16px;\n}\n#top .avia-icon-list-container.av-l8udnq0d-e510c12a95d88edbcdb36a086bf58a9e .iconlist_icon svg:first-child{\nstroke:#b02b2c;\nfill:#b02b2c;\nheight:16px;\nwidth:16px;\n}\n#top #wrap_all .avia-icon-list-container.av-l8udnq0d-e510c12a95d88edbcdb36a086bf58a9e .av_iconlist_title{\nfont-size:16px;\n}\n<\/style>\n<div  class='avia-icon-list-container av-l8udnq0d-e510c12a95d88edbcdb36a086bf58a9e  avia-builder-el-8  el_after_av_heading  el_before_av_button '><ul class='avia-icon-list avia_animate_when_almost_visible avia-icon-list-left av-iconlist-small av-l8udnq0d-e510c12a95d88edbcdb36a086bf58a9e avia-iconlist-animate'>\n<li><div class='iconlist_icon av-l8udn5l3-d5294fd4e1c9e6f6d6617044573c8ebd avia-font-entypo-fontello avia-iconfont avia-font-entypo-fontello'><span class='av-icon-char' data-av_icon='\ue812' data-av_iconfont='entypo-fontello' aria-hidden=\"true\"><\/span><\/div><article class=\"article-icon-entry \"  itemscope=\"itemscope\" itemtype=\"https:\/\/schema.org\/CreativeWork\" ><div class=\"iconlist_content_wrap\"><header class=\"entry-content-header\" aria-label=\"Icon: \"><\/header><div class='iconlist_content '  itemprop=\"text\" ><p style=\"text-align: justify;\">D\u00e8s le 1er janvier 2023, le conjoint survivant perd sa qualit\u00e9 d\u2019h\u00e9ritier r\u00e9servataire d\u00e8s l\u2019introduction d\u2019une proc\u00e9dure de divorce par requ\u00eate commune ou en cas de vie s\u00e9par\u00e9e des \u00e9poux depuis au moins deux ans.<\/p>\n<\/div><\/div><footer class=\"entry-footer\"><\/footer><\/article><div class=\"iconlist-timeline\"><\/div><\/li>\n<li><div class='iconlist_icon av-l8udnbkw-945773d5a4d38118dbad93dd8be94324 avia-font-entypo-fontello avia-iconfont avia-font-entypo-fontello'><span class='av-icon-char' data-av_icon='\ue812' data-av_iconfont='entypo-fontello' aria-hidden=\"true\"><\/span><\/div><article class=\"article-icon-entry \"  itemscope=\"itemscope\" itemtype=\"https:\/\/schema.org\/CreativeWork\" ><div class=\"iconlist_content_wrap\"><header class=\"entry-content-header\" aria-label=\"Icon: \"><\/header><div class='iconlist_content '  itemprop=\"text\" ><p style=\"text-align: justify;\">Dans un tel cas, le conjoint survivant conserve ses pr\u00e9tentions l\u00e9gales contre la succession du d\u00e9funt \u00e9poux, faute d\u2019en avoir dispos\u00e9 diff\u00e9remment.<\/p>\n<\/div><\/div><footer class=\"entry-footer\"><\/footer><\/article><div class=\"iconlist-timeline\"><\/div><\/li>\n<li><div class='iconlist_icon av-l8udni4y-fadcb5bbc54f5afb0eb31d6652aa710d avia-font-entypo-fontello avia-iconfont avia-font-entypo-fontello'><span class='av-icon-char' data-av_icon='\ue812' data-av_iconfont='entypo-fontello' aria-hidden=\"true\"><\/span><\/div><article class=\"article-icon-entry \"  itemscope=\"itemscope\" itemtype=\"https:\/\/schema.org\/CreativeWork\" ><div class=\"iconlist_content_wrap\"><header class=\"entry-content-header\" aria-label=\"Icon: \"><\/header><div class='iconlist_content '  itemprop=\"text\" ><p>Votre notaire vous assiste dans votre planification successorale et vous aide \u00e0 r\u00e9diger ou adapter vos dispositions pour cause de mort.<\/p>\n<\/div><\/div><footer class=\"entry-footer\"><\/footer><\/article><div class=\"iconlist-timeline\"><\/div><\/li>\n<\/ul><\/div><br \/>\n<div  class='avia-button-wrap av-l8udmi3h-6ba6bd57facf6dd0f2e03b0c5578d52d-wrap avia-button-center  avia-builder-el-9  el_after_av_iconlist  el_before_av_heading  trs-pdf-button'><a href='https:\/\/www.swisnot.ch\/wp\/wp-content\/uploads\/2023\/11\/Les-effets-dun-divorce.pdf'  class='avia-button av-l8udmi3h-6ba6bd57facf6dd0f2e03b0c5578d52d av-link-btn avia-icon_select-yes-left-icon avia-size-medium avia-position-center avia-color-theme-color'  target=\"_blank\"  rel=\"noopener noreferrer\"  aria-label=\" Article (PDF)\"><span class='avia_button_icon avia_button_icon_left avia-iconfont avia-font-entypo-fontello' data-av_icon='\ue84d' data-av_iconfont='entypo-fontello' ><\/span><span class='avia_iconbox_title' > Article (PDF)<\/span><\/a><\/div><br \/>\n\n<style type=\"text\/css\" data-created_by=\"avia_inline_auto\" id=\"style-css-av-7ipciz-6635ba08fa9e2a634785869e65ab7aca\">\n#top .av-special-heading.av-7ipciz-6635ba08fa9e2a634785869e65ab7aca{\nmargin:10px 0 0 0;\npadding-bottom:10px;\n}\nbody .av-special-heading.av-7ipciz-6635ba08fa9e2a634785869e65ab7aca .av-special-heading-tag .heading-char{\nfont-size:25px;\n}\n.av-special-heading.av-7ipciz-6635ba08fa9e2a634785869e65ab7aca .av-subheading{\nfont-size:15px;\n}\n<\/style>\n<div  class='av-special-heading av-7ipciz-6635ba08fa9e2a634785869e65ab7aca av-special-heading-h6 meta-heading blockquote modern-quote modern-centered  avia-builder-el-10  el_after_av_button  avia-builder-el-last '><h6 class='av-special-heading-tag '  itemprop=\"headline\"  >Publi\u00e9 dans le magazine g\u00e9n\u00e9rations par les notaires de swisNot<\/h6><div class=\"special-heading-border\"><div class=\"special-heading-inner-border\"><\/div><\/div><\/div><\/p><\/div><\/div><\/div><\/main><!-- close content main element --><\/div><\/div><div id='av_section_2'  class='avia-section av-58squ3-cd92fc85286d1a40cd144dfe4436156c main_color avia-section-default avia-no-border-styling  avia-builder-el-11  el_after_av_section  avia-builder-el-last  avia-bg-style-scroll container_wrap fullsize'  ><div class='container av-section-cont-open' ><div class='template-page content  av-content-full alpha units'><div class='post-entry post-entry-type-page post-entry-9179'><div class='entry-content-wrapper clearfix'>\n\n<style type=\"text\/css\" data-created_by=\"avia_inline_auto\" id=\"style-css-av-4376sr-859012419744a2d5d61453e047d7caaf\">\n#top .av-special-heading.av-4376sr-859012419744a2d5d61453e047d7caaf{\npadding-bottom:10px;\n}\nbody .av-special-heading.av-4376sr-859012419744a2d5d61453e047d7caaf .av-special-heading-tag .heading-char{\nfont-size:25px;\n}\n.av-special-heading.av-4376sr-859012419744a2d5d61453e047d7caaf .av-subheading{\nfont-size:15px;\n}\n<\/style>\n<div  class='av-special-heading av-4376sr-859012419744a2d5d61453e047d7caaf av-special-heading-h3 blockquote modern-quote  avia-builder-el-12  el_before_av_masonry_entries  avia-builder-el-no-sibling  trs-special-underline'><h3 class='av-special-heading-tag '  itemprop=\"headline\"  >Plus d\u2019actualit\u00e9s swisNot <\/h3><div class=\"special-heading-border\"><div class=\"special-heading-inner-border\"><\/div><\/div><\/div>\n<div id='av-masonry-1' class='av-masonry av-38e08r-70a9e3adc805f7dcbcc561496bea70e6 noHover av-fixed-size av-large-gap av-hover-overlay-active av-masonry-animation-active av-masonry-col-flexible av-caption-always av-caption-style- av-masonry-entries ' data-post_id=\"9179\"><div class=\"av-masonry-container isotope av-js-disabled\"><div class='av-masonry-entry isotope-item av-masonry-item-no-image all_sort'><\/div><a href=\"https:\/\/www.swisnot.ch\/en\/actualites\/revision-du-droit-des-successions\/\"  id='av-masonry-1-item-7888' data-av-masonry-item='7888' class='av-masonry-entry isotope-item post-7888 actualites type-actualites status-publish hentry all_sort av-masonry-item-no-image' title=\"R\u00e9vision du droit des successions\"   itemscope=\"itemscope\" itemtype=\"https:\/\/schema.org\/CreativeWork\" ><div class='av-inner-masonry-sizer'><\/div><figure class='av-inner-masonry main_color'><figcaption class='av-inner-masonry-content site-background'><div class='av-inner-masonry-content-pos'><div class='av-inner-masonry-content-pos-content'><div class='avia-arrow'><\/div><h3 class='av-masonry-entry-title entry-title '  itemprop=\"headline\" >R\u00e9vision du droit des successions<\/h3><\/div><\/div><\/figcaption><\/figure><\/a><!--end av-masonry entry--><a href=\"https:\/\/www.swisnot.ch\/en\/actualites\/le-casse-tete-de-la-succession-dans-les-familles-recomposees\/\"  id='av-masonry-1-item-9834' data-av-masonry-item='9834' class='av-masonry-entry isotope-item post-9834 actualites type-actualites status-publish hentry all_sort av-masonry-item-no-image' title=\"Le casse-t\u00eate de la succession dans les familles recompos\u00e9es\"   itemscope=\"itemscope\" itemtype=\"https:\/\/schema.org\/CreativeWork\" ><div class='av-inner-masonry-sizer'><\/div><figure class='av-inner-masonry main_color'><figcaption class='av-inner-masonry-content site-background'><div class='av-inner-masonry-content-pos'><div class='av-inner-masonry-content-pos-content'><div class='avia-arrow'><\/div><h3 class='av-masonry-entry-title entry-title '  itemprop=\"headline\" >Le casse-t\u00eate de la succession dans les familles recompos\u00e9es<\/h3><\/div><\/div><\/figcaption><\/figure><\/a><!--end av-masonry entry--><a href=\"https:\/\/www.swisnot.ch\/en\/actualites\/la-procuration-ne-suffit-pas-toujours\/\"  id='av-masonry-1-item-9826' data-av-masonry-item='9826' class='av-masonry-entry isotope-item post-9826 actualites type-actualites status-publish hentry all_sort av-masonry-item-no-image' title=\"La procuration ne suffit pas toujours\"   itemscope=\"itemscope\" itemtype=\"https:\/\/schema.org\/CreativeWork\" ><div class='av-inner-masonry-sizer'><\/div><figure class='av-inner-masonry main_color'><figcaption class='av-inner-masonry-content site-background'><div class='av-inner-masonry-content-pos'><div class='av-inner-masonry-content-pos-content'><div class='avia-arrow'><\/div><h3 class='av-masonry-entry-title entry-title '  itemprop=\"headline\" >La procuration ne suffit pas toujours<\/h3><\/div><\/div><\/figcaption><\/figure><\/a><!--end av-masonry entry--><a href=\"https:\/\/www.swisnot.ch\/en\/actualites\/donations-un-geste-a-double-tranchant\/\"  id='av-masonry-1-item-9821' data-av-masonry-item='9821' class='av-masonry-entry isotope-item post-9821 actualites type-actualites status-publish hentry all_sort av-masonry-item-no-image' title=\"Donations, un geste \u00e0 double tranchant\"   itemscope=\"itemscope\" itemtype=\"https:\/\/schema.org\/CreativeWork\" ><div class='av-inner-masonry-sizer'><\/div><figure class='av-inner-masonry main_color'><figcaption class='av-inner-masonry-content site-background'><div class='av-inner-masonry-content-pos'><div class='av-inner-masonry-content-pos-content'><div class='avia-arrow'><\/div><h3 class='av-masonry-entry-title entry-title '  itemprop=\"headline\" >Donations, un geste \u00e0 double tranchant<\/h3><\/div><\/div><\/figcaption><\/figure><\/a><!--end av-masonry entry--><a href=\"https:\/\/www.swisnot.ch\/en\/actualites\/et-si-vous-netiez-plus-en-mesure-de-decider\/\"  id='av-masonry-1-item-9804' data-av-masonry-item='9804' class='av-masonry-entry isotope-item post-9804 actualites type-actualites status-publish hentry all_sort av-masonry-item-no-image' title=\"Et si vous n\u2019\u00e9tiez plus en mesure de d\u00e9cider ?\"   itemscope=\"itemscope\" itemtype=\"https:\/\/schema.org\/CreativeWork\" ><div class='av-inner-masonry-sizer'><\/div><figure class='av-inner-masonry main_color'><figcaption class='av-inner-masonry-content site-background'><div class='av-inner-masonry-content-pos'><div class='av-inner-masonry-content-pos-content'><div class='avia-arrow'><\/div><h3 class='av-masonry-entry-title entry-title '  itemprop=\"headline\" >Et si vous n\u2019\u00e9tiez plus en mesure de d\u00e9cider ?<\/h3><\/div><\/div><\/figcaption><\/figure><\/a><!--end av-masonry entry--><a href=\"https:\/\/www.swisnot.ch\/en\/actualites\/preter-de-largent-a-ses-enfants\/\"  id='av-masonry-1-item-9777' data-av-masonry-item='9777' class='av-masonry-entry isotope-item post-9777 actualites type-actualites status-publish hentry all_sort av-masonry-item-no-image' title=\"Pr\u00eater de l\u2019argent \u00e0 ses enfants ?\"   itemscope=\"itemscope\" itemtype=\"https:\/\/schema.org\/CreativeWork\" ><div class='av-inner-masonry-sizer'><\/div><figure class='av-inner-masonry main_color'><figcaption class='av-inner-masonry-content site-background'><div class='av-inner-masonry-content-pos'><div class='av-inner-masonry-content-pos-content'><div class='avia-arrow'><\/div><h3 class='av-masonry-entry-title entry-title '  itemprop=\"headline\" >Pr\u00eater de l\u2019argent \u00e0 ses enfants ?<\/h3><\/div><\/div><\/figcaption><\/figure><\/a><!--end av-masonry entry--><\/div><a class='av-masonry-pagination av-masonry-load-more' href='#load-more'  data-post_type='actualites'  data-link='category, 15'  data-term_rel='IN'  data-wc_prod_visible=''  data-wc_prod_hidden='hide'  data-wc_prod_featured=''  data-wc_prod_sale=''  data-prod_order_by=''  data-prod_order=''  data-date_filter=''  data-date_filter_start=''  data-date_filter_end=''  data-date_filter_format='yy\/mm\/dd'  data-period_filter_unit_1=''  data-period_filter_unit_2=''  data-page_element_filter=''  data-sort='yes'  data-query_orderby='date'  data-query_order='DESC'  data-caption_elements='title'  data-caption_styling=''  data-caption_display='always'  data-img_copyright=''  data-size='fixed masonry'  data-orientation=''  data-image_size='masonry'  data-gap='large'  data-columns='flexible'  data-av-desktop-columns=''  data-av-medium-columns=''  data-av-small-columns=''  data-av-mini-columns=''  data-items='6'  data-paginate='load_more'  data-color=''  data-custom_bg=''  data-img_copyright_font=''  data-av-desktop-font-img_copyright_font=''  data-av-medium-font-img_copyright_font=''  data-av-small-font-img_copyright_font=''  data-av-mini-font-img_copyright_font=''  data-img_copyright_color=''  data-img_copyright_bg=''  data-animation='active'  data-animation_duration=''  data-animation_custom_bg_color=''  data-animation_custom_bg_color_multi_list=''  data-animation_z_index_curtain='100'  data-overlay_fx='active'  data-img_scrset=''  data-lazy_loading='disabled'  data-av-desktop-hide=''  data-av-medium-hide=''  data-av-small-hide=''  data-av-mini-hide=''  data-alb_description=''  data-id=''  data-custom_class=''  data-template_class=''  data-av_uid='av-38e08r'  data-sc_version='1.0'  data-ids=''  data-action=''  data-offset='0'  data-container_links='active'  data-link_dest=''  data-lightbox_text=''  data-container_class='av-masonry-entries'  data-auto_ratio='1.7'  data-set_breadcrumb='1'  data-custom_markup=''  data-taxonomy='category'  data-categories=''  data-avno='da7010a012'>Load more<\/a><\/div>\n<\/p>\n","protected":false},"excerpt":{"rendered":"<p>Le 1er janvier 2023, le nouveau droit des successions est entr\u00e9 en vigueur  et a modifi\u00e9 ainsi un syst\u00e8me qui n\u2019\u00e9tait plus forc\u00e9ment adapt\u00e9 \u00e0 la soci\u00e9t\u00e9 actuelle. Cette modernisation accorde une plus grande libert\u00e9  \u00e0 chacun dans sa planification successorale.<\/p>\n","protected":false},"menu_order":0,"template":"","meta":{"_acf_changed":false,"footnotes":""},"categories":[15],"class_list":["post-9179","actualites","type-actualites","status-publish","hentry","category-news"],"acf":[],"yoast_head":"<!-- This site is optimized with the Yoast SEO plugin v24.9 - https:\/\/yoast.com\/wordpress\/plugins\/seo\/ -->\n<title>Nouveau droit successoral : les effets d&#039;un divorce - swisNot - Le r\u00e9seau notarial suisse<\/title>\n<meta name=\"description\" content=\"swisNot, le r\u00e9seau notarial suisse, votre partenaire en mati\u00e8re juridique et fiscale\" \/>\n<meta name=\"robots\" content=\"index, follow, max-snippet:-1, max-image-preview:large, max-video-preview:-1\" \/>\n<link rel=\"canonical\" href=\"https:\/\/www.swisnot.ch\/en\/actualites\/je-peux-disposer-librement-de-tous-mes-biens-oui-mais-copy-copy-copy\/\" \/>\n<meta property=\"og:locale\" content=\"en_US\" \/>\n<meta property=\"og:type\" content=\"article\" \/>\n<meta property=\"og:title\" content=\"Nouveau droit successoral : les effets d&#039;un divorce - swisNot - Le r\u00e9seau notarial suisse\" \/>\n<meta property=\"og:description\" content=\"swisNot, le r\u00e9seau notarial suisse, votre partenaire en mati\u00e8re juridique et fiscale\" \/>\n<meta property=\"og:url\" content=\"https:\/\/www.swisnot.ch\/en\/actualites\/je-peux-disposer-librement-de-tous-mes-biens-oui-mais-copy-copy-copy\/\" \/>\n<meta property=\"og:site_name\" content=\"swisNot - Le r\u00e9seau notarial suisse\" \/>\n<meta property=\"article:modified_time\" content=\"2023-11-06T12:38:12+00:00\" \/>\n<meta name=\"twitter:card\" content=\"summary_large_image\" \/>\n<meta name=\"twitter:label1\" content=\"Est. reading time\" \/>\n\t<meta name=\"twitter:data1\" content=\"10 minutes\" \/>\n<script type=\"application\/ld+json\" class=\"yoast-schema-graph\">{\"@context\":\"https:\/\/schema.org\",\"@graph\":[{\"@type\":\"WebPage\",\"@id\":\"https:\/\/www.swisnot.ch\/en\/actualites\/je-peux-disposer-librement-de-tous-mes-biens-oui-mais-copy-copy-copy\/\",\"url\":\"https:\/\/www.swisnot.ch\/en\/actualites\/je-peux-disposer-librement-de-tous-mes-biens-oui-mais-copy-copy-copy\/\",\"name\":\"Nouveau droit successoral : les effets d'un divorce - swisNot - Le r\u00e9seau notarial suisse\",\"isPartOf\":{\"@id\":\"https:\/\/www.swisnot.ch\/en\/#website\"},\"datePublished\":\"2023-11-06T12:29:13+00:00\",\"dateModified\":\"2023-11-06T12:38:12+00:00\",\"description\":\"swisNot, le r\u00e9seau notarial suisse, votre partenaire en mati\u00e8re juridique et fiscale\",\"breadcrumb\":{\"@id\":\"https:\/\/www.swisnot.ch\/en\/actualites\/je-peux-disposer-librement-de-tous-mes-biens-oui-mais-copy-copy-copy\/#breadcrumb\"},\"inLanguage\":\"en-US\",\"potentialAction\":[{\"@type\":\"ReadAction\",\"target\":[\"https:\/\/www.swisnot.ch\/en\/actualites\/je-peux-disposer-librement-de-tous-mes-biens-oui-mais-copy-copy-copy\/\"]}]},{\"@type\":\"BreadcrumbList\",\"@id\":\"https:\/\/www.swisnot.ch\/en\/actualites\/je-peux-disposer-librement-de-tous-mes-biens-oui-mais-copy-copy-copy\/#breadcrumb\",\"itemListElement\":[{\"@type\":\"ListItem\",\"position\":1,\"name\":\"Accueil\",\"item\":\"https:\/\/www.swisnot.ch\/en\/home\/\"},{\"@type\":\"ListItem\",\"position\":2,\"name\":\"Nouveau droit successoral : les effets d&#8217;un divorce\"}]},{\"@type\":\"WebSite\",\"@id\":\"https:\/\/www.swisnot.ch\/en\/#website\",\"url\":\"https:\/\/www.swisnot.ch\/en\/\",\"name\":\"swisNot - Le r\u00e9seau notarial suisse\",\"description\":\"Votre partenaire en mati\u00e8re juridique et fiscale\",\"potentialAction\":[{\"@type\":\"SearchAction\",\"target\":{\"@type\":\"EntryPoint\",\"urlTemplate\":\"https:\/\/www.swisnot.ch\/en\/?s={search_term_string}\"},\"query-input\":{\"@type\":\"PropertyValueSpecification\",\"valueRequired\":true,\"valueName\":\"search_term_string\"}}],\"inLanguage\":\"en-US\"}]}<\/script>\n<!-- \/ Yoast SEO plugin. -->","yoast_head_json":{"title":"Nouveau droit successoral : les effets d'un divorce - swisNot - Le r\u00e9seau notarial suisse","description":"swisNot, le r\u00e9seau notarial suisse, votre partenaire en mati\u00e8re juridique et fiscale","robots":{"index":"index","follow":"follow","max-snippet":"max-snippet:-1","max-image-preview":"max-image-preview:large","max-video-preview":"max-video-preview:-1"},"canonical":"https:\/\/www.swisnot.ch\/en\/actualites\/je-peux-disposer-librement-de-tous-mes-biens-oui-mais-copy-copy-copy\/","og_locale":"en_US","og_type":"article","og_title":"Nouveau droit successoral : les effets d'un divorce - swisNot - Le r\u00e9seau notarial suisse","og_description":"swisNot, le r\u00e9seau notarial suisse, votre partenaire en mati\u00e8re juridique et fiscale","og_url":"https:\/\/www.swisnot.ch\/en\/actualites\/je-peux-disposer-librement-de-tous-mes-biens-oui-mais-copy-copy-copy\/","og_site_name":"swisNot - Le r\u00e9seau notarial suisse","article_modified_time":"2023-11-06T12:38:12+00:00","twitter_card":"summary_large_image","twitter_misc":{"Est. reading time":"10 minutes"},"schema":{"@context":"https:\/\/schema.org","@graph":[{"@type":"WebPage","@id":"https:\/\/www.swisnot.ch\/en\/actualites\/je-peux-disposer-librement-de-tous-mes-biens-oui-mais-copy-copy-copy\/","url":"https:\/\/www.swisnot.ch\/en\/actualites\/je-peux-disposer-librement-de-tous-mes-biens-oui-mais-copy-copy-copy\/","name":"Nouveau droit successoral : les effets d'un divorce - swisNot - Le r\u00e9seau notarial suisse","isPartOf":{"@id":"https:\/\/www.swisnot.ch\/en\/#website"},"datePublished":"2023-11-06T12:29:13+00:00","dateModified":"2023-11-06T12:38:12+00:00","description":"swisNot, le r\u00e9seau notarial suisse, votre partenaire en mati\u00e8re juridique et fiscale","breadcrumb":{"@id":"https:\/\/www.swisnot.ch\/en\/actualites\/je-peux-disposer-librement-de-tous-mes-biens-oui-mais-copy-copy-copy\/#breadcrumb"},"inLanguage":"en-US","potentialAction":[{"@type":"ReadAction","target":["https:\/\/www.swisnot.ch\/en\/actualites\/je-peux-disposer-librement-de-tous-mes-biens-oui-mais-copy-copy-copy\/"]}]},{"@type":"BreadcrumbList","@id":"https:\/\/www.swisnot.ch\/en\/actualites\/je-peux-disposer-librement-de-tous-mes-biens-oui-mais-copy-copy-copy\/#breadcrumb","itemListElement":[{"@type":"ListItem","position":1,"name":"Accueil","item":"https:\/\/www.swisnot.ch\/en\/home\/"},{"@type":"ListItem","position":2,"name":"Nouveau droit successoral : les effets d&#8217;un divorce"}]},{"@type":"WebSite","@id":"https:\/\/www.swisnot.ch\/en\/#website","url":"https:\/\/www.swisnot.ch\/en\/","name":"swisNot - Le r\u00e9seau notarial suisse","description":"Votre partenaire en mati\u00e8re juridique et fiscale","potentialAction":[{"@type":"SearchAction","target":{"@type":"EntryPoint","urlTemplate":"https:\/\/www.swisnot.ch\/en\/?s={search_term_string}"},"query-input":{"@type":"PropertyValueSpecification","valueRequired":true,"valueName":"search_term_string"}}],"inLanguage":"en-US"}]}},"_links":{"self":[{"href":"https:\/\/www.swisnot.ch\/en\/wp-json\/wp\/v2\/actualites\/9179","targetHints":{"allow":["GET"]}}],"collection":[{"href":"https:\/\/www.swisnot.ch\/en\/wp-json\/wp\/v2\/actualites"}],"about":[{"href":"https:\/\/www.swisnot.ch\/en\/wp-json\/wp\/v2\/types\/actualites"}],"version-history":[{"count":5,"href":"https:\/\/www.swisnot.ch\/en\/wp-json\/wp\/v2\/actualites\/9179\/revisions"}],"predecessor-version":[{"id":9180,"href":"https:\/\/www.swisnot.ch\/en\/wp-json\/wp\/v2\/actualites\/9179\/revisions\/9180"}],"wp:attachment":[{"href":"https:\/\/www.swisnot.ch\/en\/wp-json\/wp\/v2\/media?parent=9179"}],"wp:term":[{"taxonomy":"category","embeddable":true,"href":"https:\/\/www.swisnot.ch\/en\/wp-json\/wp\/v2\/categories?post=9179"}],"curies":[{"name":"wp","href":"https:\/\/api.w.org\/{rel}","templated":true}]}}