{"id":7457,"date":"2021-06-05T10:52:47","date_gmt":"2021-06-05T09:52:47","guid":{"rendered":"https:\/\/swisnot.trisdemo.ch\/?post_type=actualites&#038;p=7457"},"modified":"2021-11-22T14:45:12","modified_gmt":"2021-11-22T13:45:12","slug":"mais-comment-fonctionne-le-mandat-pour-cause-dinaptitude","status":"publish","type":"actualites","link":"https:\/\/www.swisnot.ch\/en\/actualites\/mais-comment-fonctionne-le-mandat-pour-cause-dinaptitude\/","title":{"rendered":"Mais comment fonctionne le mandat pour cause d\u2019inaptitude?"},"content":{"rendered":"<div id='av_section_1'  class='avia-section av-dv4p1d-b534eb8fd2fcd868d52cfbbfecf02d22 main_color avia-section-default avia-no-border-styling  avia-builder-el-0  el_before_av_section  avia-builder-el-first  avia-bg-style-scroll container_wrap fullsize'  ><div class='container av-section-cont-open' ><main  role=\"main\" itemprop=\"mainContentOfPage\"  class='template-page content  av-content-full alpha units'><div class='post-entry post-entry-type-page post-entry-7457'><div class='entry-content-wrapper clearfix'>\n\n<style type=\"text\/css\" data-created_by=\"avia_inline_auto\" id=\"style-css-av-kpjkt81v-1f541d0c4bd70c7c89490a144babaa6f\">\n#top .av-special-heading.av-kpjkt81v-1f541d0c4bd70c7c89490a144babaa6f{\npadding-bottom:10px;\nfont-size:36px;\n}\nbody .av-special-heading.av-kpjkt81v-1f541d0c4bd70c7c89490a144babaa6f .av-special-heading-tag .heading-char{\nfont-size:25px;\n}\n#top #wrap_all .av-special-heading.av-kpjkt81v-1f541d0c4bd70c7c89490a144babaa6f .av-special-heading-tag{\nfont-size:36px;\n}\n.av-special-heading.av-kpjkt81v-1f541d0c4bd70c7c89490a144babaa6f .av-subheading{\nfont-size:15px;\n}\n\n@media only screen and (min-width: 480px) and (max-width: 767px){ \n#top #wrap_all .av-special-heading.av-kpjkt81v-1f541d0c4bd70c7c89490a144babaa6f .av-special-heading-tag{\nfont-size:0.8em;\n}\n}\n\n@media only screen and (max-width: 479px){ \n#top #wrap_all .av-special-heading.av-kpjkt81v-1f541d0c4bd70c7c89490a144babaa6f .av-special-heading-tag{\nfont-size:0.8em;\n}\n}\n<\/style>\n<div  class='av-special-heading av-kpjkt81v-1f541d0c4bd70c7c89490a144babaa6f av-special-heading-h1 blockquote modern-quote  avia-builder-el-1  el_before_av_two_third  avia-builder-el-first  av-inherit-size av-linked-heading'><h1 class='av-special-heading-tag '  itemprop=\"headline\"  >Mais comment fonctionne le mandat pour cause d\u2019inaptitude?<\/h1><div class=\"special-heading-border\"><div class=\"special-heading-inner-border\"><\/div><\/div><\/div>\n\n<style type=\"text\/css\" data-created_by=\"avia_inline_auto\" id=\"style-css-av-cnwu8h-1a356a2071bd9545a1764920310ee19b\">\n.flex_column.av-cnwu8h-1a356a2071bd9545a1764920310ee19b{\nborder-radius:0px 0px 0px 0px;\npadding:0px 0px 0px 0px;\n}\n<\/style>\n<div  class='flex_column av-cnwu8h-1a356a2071bd9545a1764920310ee19b av_two_third  avia-builder-el-2  el_after_av_heading  el_before_av_one_fourth  first flex_column_div av-zero-column-padding  '     ><p>\n<style type=\"text\/css\" data-created_by=\"avia_inline_auto\" id=\"style-css-av-kpjkth6h-f545b37bb525e51fbd06c0b1522befa5\">\n#top .av-special-heading.av-kpjkth6h-f545b37bb525e51fbd06c0b1522befa5{\npadding-bottom:10px;\n}\nbody .av-special-heading.av-kpjkth6h-f545b37bb525e51fbd06c0b1522befa5 .av-special-heading-tag .heading-char{\nfont-size:25px;\n}\n.av-special-heading.av-kpjkth6h-f545b37bb525e51fbd06c0b1522befa5 .av-subheading{\nfont-size:15px;\n}\n<\/style>\n<div  class='av-special-heading av-kpjkth6h-f545b37bb525e51fbd06c0b1522befa5 av-special-heading-h2 blockquote modern-quote  avia-builder-el-3  el_before_av_textblock  avia-builder-el-first  av-linked-heading'><h2 class='av-special-heading-tag '  itemprop=\"headline\"  >En cas de perte de la capacit\u00e9 de discernement, il permet de garantir la gestion courante de ses affaires et d\u2019assurer la d\u00e9fense de ses int\u00e9r\u00eats.<\/h2><div class=\"special-heading-border\"><div class=\"special-heading-inner-border\"><\/div><\/div><\/div><br \/>\n<section  class='av_textblock_section av-kpjkunz6-e46ca898976ba8e2564f18b8ef78f027 '   itemscope=\"itemscope\" itemtype=\"https:\/\/schema.org\/CreativeWork\" ><div class='avia_textblock'  itemprop=\"text\" ><p style=\"text-align: justify;\">Dans le cadre de la r\u00e9vision du droit de la tutelle, le l\u00e9gislateur a cr\u00e9\u00e9 un nouvel outil juridique, nomm\u00e9 \u00abmandat pour cause d\u2019inaptitude\u00bb. Ce mandat a pour but la protection de la personne. Au moment o\u00f9 on le signe, on doit avoir l\u2019exercice des droits civils, c\u2019est-\u00e0-dire \u00eatre majeur et capable de discernement.<\/p>\n<p style=\"text-align: justify;\">L\u2019utilit\u00e9 d\u2019un tel document intervient dans l\u2019hypoth\u00e8se d\u2019une maladie, apr\u00e8s un certain stade, ou \u00e0 la suite d\u2019un accident, lorsqu\u2019une personne devenue incapable de discernement, d\u00e9finitivement ou temporairement, n\u2019est plus en mesure de g\u00e9rer ses affaires personnelles et patrimoniales. A ce moment-l\u00e0, le mandat pour cause d\u2019inaptitude prendra effet.<\/p>\n<p style=\"text-align: justify;\"><strong>PAS DE CURATEUR<\/strong><\/p>\n<p style=\"text-align: justify;\">La personne incapable de discernement pourra ainsi compter sur une personne de confiance, le mandataire, qu\u2019elle aura choisi \u00e0 l\u2019avance. L\u2019autorit\u00e9 comp\u00e9tente ne lui imposera donc pas un curateur.<\/p>\n<p style=\"text-align: justify;\">Le mandat pour cause d\u2019inaptitude concerne trois domaines.<\/p>\n<p style=\"text-align: justify;\">1 L\u2019assistance personnelle, soit le bien-\u00eatre physique et psychique, les d\u00e9marches aupr\u00e8s des h\u00f4pitaux et des EMS et aupr\u00e8s de la famille.<\/p>\n<p style=\"text-align: justify;\">2 La gestion du patrimoine, qui consiste en l\u2019administration courante, notamment le paiement des factures, les retraits d\u2019argent, etc.<\/p>\n<p style=\"text-align: justify;\">3 Les rapports juridiques avec les tiers, en particulier devant les autorit\u00e9s administratives, l\u2019autorit\u00e9 fiscale (par exemple les d\u00e9clarations d\u2019imp\u00f4t) ou juridiques, les banques, les assurances (par exemple, les d\u00e9comptes de la caisse maladie), les h\u00f4pitaux, etc.<\/p>\n<p style=\"text-align: justify;\">Il y a deux fa\u00e7ons de pr\u00e9voir un mandat pour cause d\u2019inaptitude. A savoir: sous forme olographe (enti\u00e8rement \u00e9crit \u00e0 la main, dat\u00e9 et sign\u00e9) ou sous forme authentique (devant un notaire, lequel v\u00e9rifiera le contenu du mandat et confirmera que la personne \u00e9tait capable de discernement au moment de le signer).<\/p>\n<p style=\"text-align: justify;\"><strong>\u00c0 CONSERVER SOIGNEUSEMENT<\/strong><\/p>\n<p style=\"text-align: justify;\">Le mandat pour cause d\u2019inaptitude peut \u00eatre r\u00e9sili\u00e9 unilat\u00e9ralement. Il peut aussi \u00eatre modifi\u00e9, quant \u00e0 son contenu, ou pour donner des instructions particuli\u00e8res au mandataire, voire d\u00e9signer un nouveau mandataire.<\/p>\n<p style=\"text-align: justify;\">L\u2019original du mandat pour cause d\u2019inaptitude devra \u00eatre conserv\u00e9 soigneusement. Il est pr\u00e9f\u00e9rable aussi d\u2019informer ses proches. Il est \u00e9galement possible de l\u2019inscrire officiellement, moyennant quelques formalit\u00e9s suppl\u00e9mentaires, aupr\u00e8s de l\u2019office de l\u2019\u00e9tat civil. Au moment de la perte de la capacit\u00e9 de discernement, il faudra informer l\u2019autorit\u00e9. C\u2019est elle qui d\u00e9cidera de la mise en vigueur du mandat pour cause d\u2019inaptitude.<\/p>\n<p style=\"text-align: justify;\">Le cas \u00e9ch\u00e9ant, le mandat pour cause d\u2019inaptitude peut \u00eatre compl\u00e9t\u00e9 par des directives anticip\u00e9es, qui concernent des questions relatives au traitement m\u00e9dical et aux soins que la personne souhaite recevoir, ou non.<\/p>\n<\/div><\/section><\/p><\/div>\n<style type=\"text\/css\" data-created_by=\"avia_inline_auto\" id=\"style-css-av-akxib5-94699695e9587723eea0154a25a561f8\">\n.flex_column.av-akxib5-94699695e9587723eea0154a25a561f8{\nborder-radius:0px 0px 0px 0px;\npadding:0px 0px 0px 0px;\n}\n<\/style>\n<div  class='flex_column av-akxib5-94699695e9587723eea0154a25a561f8 av_one_fourth  avia-builder-el-5  el_after_av_two_third  avia-builder-el-last  flex_column_div av-zero-column-padding  '     ><p><br \/>\n\n<style type=\"text\/css\" data-created_by=\"avia_inline_auto\" id=\"style-css-av-kpjkuwqt-b9d8462ced1e2a61cf396a6ae6188040\">\n#top .av-special-heading.av-kpjkuwqt-b9d8462ced1e2a61cf396a6ae6188040{\npadding-bottom:0;\ncolor:#98012e;\n}\nbody .av-special-heading.av-kpjkuwqt-b9d8462ced1e2a61cf396a6ae6188040 .av-special-heading-tag .heading-char{\nfont-size:25px;\n}\n.av-special-heading.av-kpjkuwqt-b9d8462ced1e2a61cf396a6ae6188040 .special-heading-inner-border{\nborder-color:#98012e;\n}\n.av-special-heading.av-kpjkuwqt-b9d8462ced1e2a61cf396a6ae6188040 .av-subheading{\nfont-size:15px;\n}\n<\/style>\n<div  class='av-special-heading av-kpjkuwqt-b9d8462ced1e2a61cf396a6ae6188040 av-special-heading-h3 custom-color-heading blockquote modern-quote  avia-builder-el-7  el_after_trs_notaire_author  el_before_av_iconlist  av-linked-heading'><h3 class='av-special-heading-tag '  itemprop=\"headline\"  >CE QU\u2019IL FAUT RETENIR<\/h3><div class=\"special-heading-border\"><div class=\"special-heading-inner-border\"><\/div><\/div><\/div><br \/>\n\n<style type=\"text\/css\" data-created_by=\"avia_inline_auto\" id=\"style-css-av-kpjkvmm7-90bf7c22e8965028f6fd5c9550f218eb\">\n#top .avia-icon-list-container.av-kpjkvmm7-90bf7c22e8965028f6fd5c9550f218eb .iconlist_icon{\ncolor:#b02b2c;\nfont-size:16px;\n}\n#top .avia-icon-list-container.av-kpjkvmm7-90bf7c22e8965028f6fd5c9550f218eb .iconlist_icon svg:first-child{\nstroke:#b02b2c;\nfill:#b02b2c;\nheight:16px;\nwidth:16px;\n}\n#top #wrap_all .avia-icon-list-container.av-kpjkvmm7-90bf7c22e8965028f6fd5c9550f218eb .av_iconlist_title{\nfont-size:16px;\n}\n<\/style>\n<div  class='avia-icon-list-container av-kpjkvmm7-90bf7c22e8965028f6fd5c9550f218eb  avia-builder-el-8  el_after_av_heading  el_before_av_button '><ul class='avia-icon-list avia_animate_when_almost_visible avia-icon-list-left av-iconlist-small av-kpjkvmm7-90bf7c22e8965028f6fd5c9550f218eb avia-iconlist-animate'>\n<li><div class='iconlist_icon av-kpjkv7lz-7693bdc8b01d7b4cb44c1169f6320561 avia-font-entypo-fontello avia-iconfont avia-font-entypo-fontello'><span class='av-icon-char' data-av_icon='\ue812' data-av_iconfont='entypo-fontello' aria-hidden=\"true\"><\/span><\/div><article class=\"article-icon-entry \"  itemscope=\"itemscope\" itemtype=\"https:\/\/schema.org\/CreativeWork\" ><div class=\"iconlist_content_wrap\"><header class=\"entry-content-header\" aria-label=\"Icon: \"><\/header><div class='iconlist_content '  itemprop=\"text\" ><p style=\"text-align: justify;\">Ne tardez pas \u00e0 signer un mandat pour cause d\u2019inaptitude, quel que soit votre \u00e2ge.<\/p>\n<\/div><\/div><footer class=\"entry-footer\"><\/footer><\/article><div class=\"iconlist-timeline\"><\/div><\/li>\n<li><div class='iconlist_icon av-kpjkvfj3-9f89e7838bc742d2147be0eef3530606 avia-font-entypo-fontello avia-iconfont avia-font-entypo-fontello'><span class='av-icon-char' data-av_icon='\ue812' data-av_iconfont='entypo-fontello' aria-hidden=\"true\"><\/span><\/div><article class=\"article-icon-entry \"  itemscope=\"itemscope\" itemtype=\"https:\/\/schema.org\/CreativeWork\" ><div class=\"iconlist_content_wrap\"><header class=\"entry-content-header\" aria-label=\"Icon: \"><\/header><div class='iconlist_content '  itemprop=\"text\" ><p style=\"text-align: justify;\">Choisissez une personne de confiance. Il est \u00e9galement utile de d\u00e9signer un rempla\u00e7ant.<\/p>\n<\/div><\/div><footer class=\"entry-footer\"><\/footer><\/article><div class=\"iconlist-timeline\"><\/div><\/li>\n<li><div class='iconlist_icon av-kpjkvlwp-61420c4b7f29ff5c60573e0db8f804fe avia-font-entypo-fontello avia-iconfont avia-font-entypo-fontello'><span class='av-icon-char' data-av_icon='\ue812' data-av_iconfont='entypo-fontello' aria-hidden=\"true\"><\/span><\/div><article class=\"article-icon-entry \"  itemscope=\"itemscope\" itemtype=\"https:\/\/schema.org\/CreativeWork\" ><div class=\"iconlist_content_wrap\"><header class=\"entry-content-header\" aria-label=\"Icon: \"><\/header><div class='iconlist_content '  itemprop=\"text\" ><p>M\u00eame sous forme olographe, faites contr\u00f4ler votre texte par un notaire.<\/p>\n<\/div><\/div><footer class=\"entry-footer\"><\/footer><\/article><div class=\"iconlist-timeline\"><\/div><\/li>\n<\/ul><\/div><br \/>\n<div  class='avia-button-wrap av-kpmh37i2-d7313de0960ab5f8609f978e79ba39d8-wrap avia-button-center  avia-builder-el-9  el_after_av_iconlist  el_before_av_heading  trs-pdf-button'><a href='https:\/\/www.swisnot.ch\/wp\/wp-content\/uploads\/2021\/06\/Mais_comment_fonctionne_le_mandat_pour_cause_dinaptitude.pdf'  class='avia-button av-kpmh37i2-d7313de0960ab5f8609f978e79ba39d8 av-link-btn avia-icon_select-yes-left-icon avia-size-medium avia-position-center avia-color-theme-color'  target=\"_blank\"  rel=\"noopener noreferrer\"  aria-label=\" Article (PDF)\"><span class='avia_button_icon avia_button_icon_left avia-iconfont avia-font-entypo-fontello' data-av_icon='\ue84d' data-av_iconfont='entypo-fontello' ><\/span><span class='avia_iconbox_title' > Article (PDF)<\/span><\/a><\/div><br \/>\n\n<style type=\"text\/css\" data-created_by=\"avia_inline_auto\" id=\"style-css-av-7zp8ox-ecb455685d5d2b0810ddc09df45ff9be\">\n#top .av-special-heading.av-7zp8ox-ecb455685d5d2b0810ddc09df45ff9be{\nmargin:10px 0 0 0;\npadding-bottom:10px;\n}\nbody .av-special-heading.av-7zp8ox-ecb455685d5d2b0810ddc09df45ff9be .av-special-heading-tag .heading-char{\nfont-size:25px;\n}\n.av-special-heading.av-7zp8ox-ecb455685d5d2b0810ddc09df45ff9be .av-subheading{\nfont-size:15px;\n}\n<\/style>\n<div  class='av-special-heading av-7zp8ox-ecb455685d5d2b0810ddc09df45ff9be av-special-heading-h6 meta-heading blockquote modern-quote modern-centered  avia-builder-el-10  el_after_av_button  avia-builder-el-last '><h6 class='av-special-heading-tag '  itemprop=\"headline\"  >Publi\u00e9 dans le magazine g\u00e9n\u00e9rations par les notaires de swisNot<\/h6><div class=\"special-heading-border\"><div class=\"special-heading-inner-border\"><\/div><\/div><\/div><\/p><\/div><\/div><\/div><\/main><!-- close content main element --><\/div><\/div><div id='av_section_2'  class='avia-section av-5vq46p-c65bdc17dd73203d002ce45afba4ee97 main_color avia-section-default avia-no-border-styling  avia-builder-el-11  el_after_av_section  avia-builder-el-last  avia-bg-style-scroll container_wrap fullsize'  ><div class='container av-section-cont-open' ><div class='template-page content  av-content-full alpha units'><div class='post-entry post-entry-type-page post-entry-7457'><div class='entry-content-wrapper clearfix'>\n\n<style type=\"text\/css\" data-created_by=\"avia_inline_auto\" id=\"style-css-av-4ocorl-feb24fa8839780858c4c1326359857f2\">\n#top .av-special-heading.av-4ocorl-feb24fa8839780858c4c1326359857f2{\npadding-bottom:10px;\n}\nbody .av-special-heading.av-4ocorl-feb24fa8839780858c4c1326359857f2 .av-special-heading-tag .heading-char{\nfont-size:25px;\n}\n.av-special-heading.av-4ocorl-feb24fa8839780858c4c1326359857f2 .av-subheading{\nfont-size:15px;\n}\n<\/style>\n<div  class='av-special-heading av-4ocorl-feb24fa8839780858c4c1326359857f2 av-special-heading-h3 blockquote modern-quote  avia-builder-el-12  el_before_av_masonry_entries  avia-builder-el-no-sibling  trs-special-underline'><h3 class='av-special-heading-tag '  itemprop=\"headline\"  >Plus d\u2019actualit\u00e9s swisNot <\/h3><div class=\"special-heading-border\"><div class=\"special-heading-inner-border\"><\/div><\/div><\/div>\n<div id='av-masonry-1' class='av-masonry av-1zx3wx-deb1ea872ea672fb1488cab6a26a554d noHover av-fixed-size av-large-gap av-hover-overlay-active av-masonry-animation-active av-masonry-col-flexible av-caption-always av-caption-style- av-masonry-entries ' data-post_id=\"7457\"><div class=\"av-masonry-container isotope av-js-disabled\"><div class='av-masonry-entry isotope-item av-masonry-item-no-image all_sort'><\/div><a href=\"https:\/\/www.swisnot.ch\/en\/actualites\/revision-du-droit-des-successions\/\"  id='av-masonry-1-item-7888' data-av-masonry-item='7888' class='av-masonry-entry isotope-item post-7888 actualites type-actualites status-publish hentry all_sort av-masonry-item-no-image' title=\"R\u00e9vision du droit des successions\"   itemscope=\"itemscope\" itemtype=\"https:\/\/schema.org\/CreativeWork\" ><div class='av-inner-masonry-sizer'><\/div><figure class='av-inner-masonry main_color'><figcaption class='av-inner-masonry-content site-background'><div class='av-inner-masonry-content-pos'><div class='av-inner-masonry-content-pos-content'><div class='avia-arrow'><\/div><h3 class='av-masonry-entry-title entry-title '  itemprop=\"headline\" >R\u00e9vision du droit des successions<\/h3><\/div><\/div><\/figcaption><\/figure><\/a><!--end av-masonry entry--><a href=\"https:\/\/www.swisnot.ch\/en\/actualites\/le-casse-tete-de-la-succession-dans-les-familles-recomposees\/\"  id='av-masonry-1-item-9834' data-av-masonry-item='9834' class='av-masonry-entry isotope-item post-9834 actualites type-actualites status-publish hentry all_sort av-masonry-item-no-image' title=\"Le casse-t\u00eate de la succession dans les familles recompos\u00e9es\"   itemscope=\"itemscope\" itemtype=\"https:\/\/schema.org\/CreativeWork\" ><div class='av-inner-masonry-sizer'><\/div><figure class='av-inner-masonry main_color'><figcaption class='av-inner-masonry-content site-background'><div class='av-inner-masonry-content-pos'><div class='av-inner-masonry-content-pos-content'><div class='avia-arrow'><\/div><h3 class='av-masonry-entry-title entry-title '  itemprop=\"headline\" >Le casse-t\u00eate de la succession dans les familles recompos\u00e9es<\/h3><\/div><\/div><\/figcaption><\/figure><\/a><!--end av-masonry entry--><a href=\"https:\/\/www.swisnot.ch\/en\/actualites\/la-procuration-ne-suffit-pas-toujours\/\"  id='av-masonry-1-item-9826' data-av-masonry-item='9826' class='av-masonry-entry isotope-item post-9826 actualites type-actualites status-publish hentry all_sort av-masonry-item-no-image' title=\"La procuration ne suffit pas toujours\"   itemscope=\"itemscope\" itemtype=\"https:\/\/schema.org\/CreativeWork\" ><div class='av-inner-masonry-sizer'><\/div><figure class='av-inner-masonry main_color'><figcaption class='av-inner-masonry-content site-background'><div class='av-inner-masonry-content-pos'><div class='av-inner-masonry-content-pos-content'><div class='avia-arrow'><\/div><h3 class='av-masonry-entry-title entry-title '  itemprop=\"headline\" >La procuration ne suffit pas toujours<\/h3><\/div><\/div><\/figcaption><\/figure><\/a><!--end av-masonry entry--><a href=\"https:\/\/www.swisnot.ch\/en\/actualites\/donations-un-geste-a-double-tranchant\/\"  id='av-masonry-1-item-9821' data-av-masonry-item='9821' class='av-masonry-entry isotope-item post-9821 actualites type-actualites status-publish hentry all_sort av-masonry-item-no-image' title=\"Donations, un geste \u00e0 double tranchant\"   itemscope=\"itemscope\" itemtype=\"https:\/\/schema.org\/CreativeWork\" ><div class='av-inner-masonry-sizer'><\/div><figure class='av-inner-masonry main_color'><figcaption class='av-inner-masonry-content site-background'><div class='av-inner-masonry-content-pos'><div class='av-inner-masonry-content-pos-content'><div class='avia-arrow'><\/div><h3 class='av-masonry-entry-title entry-title '  itemprop=\"headline\" >Donations, un geste \u00e0 double tranchant<\/h3><\/div><\/div><\/figcaption><\/figure><\/a><!--end av-masonry entry--><a href=\"https:\/\/www.swisnot.ch\/en\/actualites\/et-si-vous-netiez-plus-en-mesure-de-decider\/\"  id='av-masonry-1-item-9804' data-av-masonry-item='9804' class='av-masonry-entry isotope-item post-9804 actualites type-actualites status-publish hentry all_sort av-masonry-item-no-image' title=\"Et si vous n\u2019\u00e9tiez plus en mesure de d\u00e9cider ?\"   itemscope=\"itemscope\" itemtype=\"https:\/\/schema.org\/CreativeWork\" ><div class='av-inner-masonry-sizer'><\/div><figure class='av-inner-masonry main_color'><figcaption class='av-inner-masonry-content site-background'><div class='av-inner-masonry-content-pos'><div class='av-inner-masonry-content-pos-content'><div class='avia-arrow'><\/div><h3 class='av-masonry-entry-title entry-title '  itemprop=\"headline\" >Et si vous n\u2019\u00e9tiez plus en mesure de d\u00e9cider ?<\/h3><\/div><\/div><\/figcaption><\/figure><\/a><!--end av-masonry entry--><a href=\"https:\/\/www.swisnot.ch\/en\/actualites\/preter-de-largent-a-ses-enfants\/\"  id='av-masonry-1-item-9777' data-av-masonry-item='9777' class='av-masonry-entry isotope-item post-9777 actualites type-actualites status-publish hentry all_sort av-masonry-item-no-image' title=\"Pr\u00eater de l\u2019argent \u00e0 ses enfants ?\"   itemscope=\"itemscope\" itemtype=\"https:\/\/schema.org\/CreativeWork\" ><div class='av-inner-masonry-sizer'><\/div><figure class='av-inner-masonry main_color'><figcaption class='av-inner-masonry-content site-background'><div class='av-inner-masonry-content-pos'><div class='av-inner-masonry-content-pos-content'><div class='avia-arrow'><\/div><h3 class='av-masonry-entry-title entry-title '  itemprop=\"headline\" >Pr\u00eater de l\u2019argent \u00e0 ses enfants ?<\/h3><\/div><\/div><\/figcaption><\/figure><\/a><!--end av-masonry entry--><\/div><a class='av-masonry-pagination av-masonry-load-more' href='#load-more'  data-post_type='actualites'  data-link='category, 15'  data-term_rel='IN'  data-wc_prod_visible=''  data-wc_prod_hidden='hide'  data-wc_prod_featured=''  data-wc_prod_sale=''  data-prod_order_by=''  data-prod_order=''  data-date_filter=''  data-date_filter_start=''  data-date_filter_end=''  data-date_filter_format='yy\/mm\/dd'  data-period_filter_unit_1=''  data-period_filter_unit_2=''  data-page_element_filter=''  data-sort='yes'  data-query_orderby='date'  data-query_order='DESC'  data-caption_elements='title'  data-caption_styling=''  data-caption_display='always'  data-img_copyright=''  data-size='fixed masonry'  data-orientation=''  data-image_size='masonry'  data-gap='large'  data-columns='flexible'  data-av-desktop-columns=''  data-av-medium-columns=''  data-av-small-columns=''  data-av-mini-columns=''  data-items='6'  data-paginate='load_more'  data-color=''  data-custom_bg=''  data-img_copyright_font=''  data-av-desktop-font-img_copyright_font=''  data-av-medium-font-img_copyright_font=''  data-av-small-font-img_copyright_font=''  data-av-mini-font-img_copyright_font=''  data-img_copyright_color=''  data-img_copyright_bg=''  data-animation='active'  data-animation_duration=''  data-animation_custom_bg_color=''  data-animation_custom_bg_color_multi_list=''  data-animation_z_index_curtain='100'  data-overlay_fx='active'  data-img_scrset=''  data-lazy_loading='disabled'  data-av-desktop-hide=''  data-av-medium-hide=''  data-av-small-hide=''  data-av-mini-hide=''  data-alb_description=''  data-id=''  data-custom_class=''  data-template_class=''  data-av_uid='av-1zx3wx'  data-sc_version='1.0'  data-ids=''  data-action=''  data-offset='0'  data-container_links='active'  data-link_dest=''  data-lightbox_text=''  data-container_class='av-masonry-entries'  data-auto_ratio='1.7'  data-set_breadcrumb='1'  data-custom_markup=''  data-taxonomy='category'  data-categories=''  data-avno='1fbdc58097'>Load more<\/a><\/div>\n<\/p>\n","protected":false},"excerpt":{"rendered":"<p>En cas de perte de la capacit\u00e9 de discernement, il permet de garantir la gestion courante de ses affaires et d\u2019assurer la d\u00e9fense de ses int\u00e9r\u00eats.<\/p>\n","protected":false},"menu_order":0,"template":"","meta":{"_acf_changed":false,"footnotes":""},"categories":[15],"class_list":["post-7457","actualites","type-actualites","status-publish","hentry","category-news"],"acf":[],"yoast_head":"<!-- This site is optimized with the Yoast SEO plugin v24.9 - https:\/\/yoast.com\/wordpress\/plugins\/seo\/ -->\n<title>Mais comment fonctionne le mandat pour cause d\u2019inaptitude? - swisNot - Le r\u00e9seau notarial suisse<\/title>\n<meta name=\"description\" content=\"swisNot, le r\u00e9seau notarial suisse, votre partenaire en mati\u00e8re juridique et fiscale\" \/>\n<meta name=\"robots\" content=\"index, follow, max-snippet:-1, max-image-preview:large, max-video-preview:-1\" \/>\n<link rel=\"canonical\" href=\"https:\/\/www.swisnot.ch\/en\/actualites\/mais-comment-fonctionne-le-mandat-pour-cause-dinaptitude\/\" \/>\n<meta property=\"og:locale\" content=\"en_US\" \/>\n<meta property=\"og:type\" content=\"article\" \/>\n<meta property=\"og:title\" content=\"Mais comment fonctionne le mandat pour cause d\u2019inaptitude? - swisNot - Le r\u00e9seau notarial suisse\" \/>\n<meta property=\"og:description\" content=\"swisNot, le r\u00e9seau notarial suisse, votre partenaire en mati\u00e8re juridique et fiscale\" \/>\n<meta property=\"og:url\" content=\"https:\/\/www.swisnot.ch\/en\/actualites\/mais-comment-fonctionne-le-mandat-pour-cause-dinaptitude\/\" \/>\n<meta property=\"og:site_name\" content=\"swisNot - Le r\u00e9seau notarial suisse\" \/>\n<meta property=\"article:modified_time\" content=\"2021-11-22T13:45:12+00:00\" \/>\n<meta name=\"twitter:card\" content=\"summary_large_image\" \/>\n<meta name=\"twitter:label1\" content=\"Est. reading time\" \/>\n\t<meta name=\"twitter:data1\" content=\"5 minutes\" \/>\n<script type=\"application\/ld+json\" class=\"yoast-schema-graph\">{\"@context\":\"https:\/\/schema.org\",\"@graph\":[{\"@type\":\"WebPage\",\"@id\":\"https:\/\/www.swisnot.ch\/en\/actualites\/mais-comment-fonctionne-le-mandat-pour-cause-dinaptitude\/\",\"url\":\"https:\/\/www.swisnot.ch\/en\/actualites\/mais-comment-fonctionne-le-mandat-pour-cause-dinaptitude\/\",\"name\":\"Mais comment fonctionne le mandat pour cause d\u2019inaptitude? - swisNot - Le r\u00e9seau notarial suisse\",\"isPartOf\":{\"@id\":\"https:\/\/www.swisnot.ch\/en\/#website\"},\"datePublished\":\"2021-06-05T09:52:47+00:00\",\"dateModified\":\"2021-11-22T13:45:12+00:00\",\"description\":\"swisNot, le r\u00e9seau notarial suisse, votre partenaire en mati\u00e8re juridique et fiscale\",\"breadcrumb\":{\"@id\":\"https:\/\/www.swisnot.ch\/en\/actualites\/mais-comment-fonctionne-le-mandat-pour-cause-dinaptitude\/#breadcrumb\"},\"inLanguage\":\"en-US\",\"potentialAction\":[{\"@type\":\"ReadAction\",\"target\":[\"https:\/\/www.swisnot.ch\/en\/actualites\/mais-comment-fonctionne-le-mandat-pour-cause-dinaptitude\/\"]}]},{\"@type\":\"BreadcrumbList\",\"@id\":\"https:\/\/www.swisnot.ch\/en\/actualites\/mais-comment-fonctionne-le-mandat-pour-cause-dinaptitude\/#breadcrumb\",\"itemListElement\":[{\"@type\":\"ListItem\",\"position\":1,\"name\":\"Accueil\",\"item\":\"https:\/\/www.swisnot.ch\/en\/home\/\"},{\"@type\":\"ListItem\",\"position\":2,\"name\":\"Mais comment fonctionne le mandat pour cause d\u2019inaptitude?\"}]},{\"@type\":\"WebSite\",\"@id\":\"https:\/\/www.swisnot.ch\/en\/#website\",\"url\":\"https:\/\/www.swisnot.ch\/en\/\",\"name\":\"swisNot - Le r\u00e9seau notarial suisse\",\"description\":\"Votre partenaire en mati\u00e8re juridique et fiscale\",\"potentialAction\":[{\"@type\":\"SearchAction\",\"target\":{\"@type\":\"EntryPoint\",\"urlTemplate\":\"https:\/\/www.swisnot.ch\/en\/?s={search_term_string}\"},\"query-input\":{\"@type\":\"PropertyValueSpecification\",\"valueRequired\":true,\"valueName\":\"search_term_string\"}}],\"inLanguage\":\"en-US\"}]}<\/script>\n<!-- \/ Yoast SEO plugin. -->","yoast_head_json":{"title":"Mais comment fonctionne le mandat pour cause d\u2019inaptitude? - swisNot - Le r\u00e9seau notarial suisse","description":"swisNot, le r\u00e9seau notarial suisse, votre partenaire en mati\u00e8re juridique et fiscale","robots":{"index":"index","follow":"follow","max-snippet":"max-snippet:-1","max-image-preview":"max-image-preview:large","max-video-preview":"max-video-preview:-1"},"canonical":"https:\/\/www.swisnot.ch\/en\/actualites\/mais-comment-fonctionne-le-mandat-pour-cause-dinaptitude\/","og_locale":"en_US","og_type":"article","og_title":"Mais comment fonctionne le mandat pour cause d\u2019inaptitude? - swisNot - Le r\u00e9seau notarial suisse","og_description":"swisNot, le r\u00e9seau notarial suisse, votre partenaire en mati\u00e8re juridique et fiscale","og_url":"https:\/\/www.swisnot.ch\/en\/actualites\/mais-comment-fonctionne-le-mandat-pour-cause-dinaptitude\/","og_site_name":"swisNot - Le r\u00e9seau notarial suisse","article_modified_time":"2021-11-22T13:45:12+00:00","twitter_card":"summary_large_image","twitter_misc":{"Est. reading time":"5 minutes"},"schema":{"@context":"https:\/\/schema.org","@graph":[{"@type":"WebPage","@id":"https:\/\/www.swisnot.ch\/en\/actualites\/mais-comment-fonctionne-le-mandat-pour-cause-dinaptitude\/","url":"https:\/\/www.swisnot.ch\/en\/actualites\/mais-comment-fonctionne-le-mandat-pour-cause-dinaptitude\/","name":"Mais comment fonctionne le mandat pour cause d\u2019inaptitude? - swisNot - Le r\u00e9seau notarial suisse","isPartOf":{"@id":"https:\/\/www.swisnot.ch\/en\/#website"},"datePublished":"2021-06-05T09:52:47+00:00","dateModified":"2021-11-22T13:45:12+00:00","description":"swisNot, le r\u00e9seau notarial suisse, votre partenaire en mati\u00e8re juridique et fiscale","breadcrumb":{"@id":"https:\/\/www.swisnot.ch\/en\/actualites\/mais-comment-fonctionne-le-mandat-pour-cause-dinaptitude\/#breadcrumb"},"inLanguage":"en-US","potentialAction":[{"@type":"ReadAction","target":["https:\/\/www.swisnot.ch\/en\/actualites\/mais-comment-fonctionne-le-mandat-pour-cause-dinaptitude\/"]}]},{"@type":"BreadcrumbList","@id":"https:\/\/www.swisnot.ch\/en\/actualites\/mais-comment-fonctionne-le-mandat-pour-cause-dinaptitude\/#breadcrumb","itemListElement":[{"@type":"ListItem","position":1,"name":"Accueil","item":"https:\/\/www.swisnot.ch\/en\/home\/"},{"@type":"ListItem","position":2,"name":"Mais comment fonctionne le mandat pour cause d\u2019inaptitude?"}]},{"@type":"WebSite","@id":"https:\/\/www.swisnot.ch\/en\/#website","url":"https:\/\/www.swisnot.ch\/en\/","name":"swisNot - Le r\u00e9seau notarial suisse","description":"Votre partenaire en mati\u00e8re juridique et fiscale","potentialAction":[{"@type":"SearchAction","target":{"@type":"EntryPoint","urlTemplate":"https:\/\/www.swisnot.ch\/en\/?s={search_term_string}"},"query-input":{"@type":"PropertyValueSpecification","valueRequired":true,"valueName":"search_term_string"}}],"inLanguage":"en-US"}]}},"_links":{"self":[{"href":"https:\/\/www.swisnot.ch\/en\/wp-json\/wp\/v2\/actualites\/7457","targetHints":{"allow":["GET"]}}],"collection":[{"href":"https:\/\/www.swisnot.ch\/en\/wp-json\/wp\/v2\/actualites"}],"about":[{"href":"https:\/\/www.swisnot.ch\/en\/wp-json\/wp\/v2\/types\/actualites"}],"version-history":[{"count":4,"href":"https:\/\/www.swisnot.ch\/en\/wp-json\/wp\/v2\/actualites\/7457\/revisions"}],"predecessor-version":[{"id":8306,"href":"https:\/\/www.swisnot.ch\/en\/wp-json\/wp\/v2\/actualites\/7457\/revisions\/8306"}],"wp:attachment":[{"href":"https:\/\/www.swisnot.ch\/en\/wp-json\/wp\/v2\/media?parent=7457"}],"wp:term":[{"taxonomy":"category","embeddable":true,"href":"https:\/\/www.swisnot.ch\/en\/wp-json\/wp\/v2\/categories?post=7457"}],"curies":[{"name":"wp","href":"https:\/\/api.w.org\/{rel}","templated":true}]}}