{"id":3685,"date":"2021-05-17T07:36:02","date_gmt":"2021-05-17T06:36:02","guid":{"rendered":"https:\/\/swisnot.trisdemo.ch\/actualites\/succession-mais-cest-quoi-cette-hoirie-copy-copy-copy-copy-copy\/"},"modified":"2021-11-22T15:01:45","modified_gmt":"2021-11-22T14:01:45","slug":"papa-entre-dans-un-ems","status":"publish","type":"actualites","link":"https:\/\/www.swisnot.ch\/en\/actualites\/papa-entre-dans-un-ems\/","title":{"rendered":"Papa entre dans un EMS (I)"},"content":{"rendered":"<div id='av_section_1'  class='avia-section av-62xc8o-4873dfed48ecae0c8346469b1b3a21ca main_color avia-section-default avia-no-border-styling  avia-builder-el-0  el_before_av_section  avia-builder-el-first  avia-bg-style-scroll container_wrap fullsize'  ><div class='container av-section-cont-open' ><main  role=\"main\" itemprop=\"mainContentOfPage\"  class='template-page content  av-content-full alpha units'><div class='post-entry post-entry-type-page post-entry-3685'><div class='entry-content-wrapper clearfix'>\n\n<style type=\"text\/css\" data-created_by=\"avia_inline_auto\" id=\"style-css-av-2nukd-5f2890ab810bb9a5934a40d9639de254\">\n#top .av-special-heading.av-2nukd-5f2890ab810bb9a5934a40d9639de254{\npadding-bottom:10px;\nfont-size:36px;\n}\nbody .av-special-heading.av-2nukd-5f2890ab810bb9a5934a40d9639de254 .av-special-heading-tag .heading-char{\nfont-size:25px;\n}\n#top #wrap_all .av-special-heading.av-2nukd-5f2890ab810bb9a5934a40d9639de254 .av-special-heading-tag{\nfont-size:36px;\n}\n.av-special-heading.av-2nukd-5f2890ab810bb9a5934a40d9639de254 .av-subheading{\nfont-size:15px;\n}\n\n@media only screen and (min-width: 480px) and (max-width: 767px){ \n#top #wrap_all .av-special-heading.av-2nukd-5f2890ab810bb9a5934a40d9639de254 .av-special-heading-tag{\nfont-size:0.8em;\n}\n}\n\n@media only screen and (max-width: 479px){ \n#top #wrap_all .av-special-heading.av-2nukd-5f2890ab810bb9a5934a40d9639de254 .av-special-heading-tag{\nfont-size:0.8em;\n}\n}\n<\/style>\n<div  class='av-special-heading av-2nukd-5f2890ab810bb9a5934a40d9639de254 av-special-heading-h1 blockquote modern-quote  avia-builder-el-1  el_before_av_two_third  avia-builder-el-first  av-inherit-size av-linked-heading'><h1 class='av-special-heading-tag '  itemprop=\"headline\"  >Papa entre dans un EMS (I)<\/h1><div class=\"special-heading-border\"><div class=\"special-heading-inner-border\"><\/div><\/div><\/div>\n\n<style type=\"text\/css\" data-created_by=\"avia_inline_auto\" id=\"style-css-av-3igp3f-89bbdf24fc69aae5811660fcc0a7a2f3\">\n.flex_column.av-3igp3f-89bbdf24fc69aae5811660fcc0a7a2f3{\nborder-radius:0px 0px 0px 0px;\npadding:0px 0px 0px 0px;\n}\n<\/style>\n<div  class='flex_column av-3igp3f-89bbdf24fc69aae5811660fcc0a7a2f3 av_two_third  avia-builder-el-2  el_after_av_heading  el_before_av_one_fourth  first flex_column_div av-zero-column-padding  '     ><p>\n<style type=\"text\/css\" data-created_by=\"avia_inline_auto\" id=\"style-css-av-5n1xct-5a8e1051ec80d84f7510fb8369943d81\">\n#top .av-special-heading.av-5n1xct-5a8e1051ec80d84f7510fb8369943d81{\npadding-bottom:10px;\n}\nbody .av-special-heading.av-5n1xct-5a8e1051ec80d84f7510fb8369943d81 .av-special-heading-tag .heading-char{\nfont-size:25px;\n}\n.av-special-heading.av-5n1xct-5a8e1051ec80d84f7510fb8369943d81 .av-subheading{\nfont-size:15px;\n}\n<\/style>\n<div  class='av-special-heading av-5n1xct-5a8e1051ec80d84f7510fb8369943d81 av-special-heading-h2 blockquote modern-quote  avia-builder-el-3  el_before_av_textblock  avia-builder-el-first  av-linked-heading'><h2 class='av-special-heading-tag '  itemprop=\"headline\"  >Comment sera financ\u00e9 son s\u00e9jour et aura-t-il droit \u00e0 des prestations compl\u00e9mentaires ?<\/h2><div class=\"special-heading-border\"><div class=\"special-heading-inner-border\"><\/div><\/div><\/div><br \/>\n<section  class='av_textblock_section av-jwjigdnc-7c012b9db97d3f2a08f039a35230ac91 '   itemscope=\"itemscope\" itemtype=\"https:\/\/schema.org\/CreativeWork\" ><div class='avia_textblock'  itemprop=\"text\" ><p style=\"text-align: justify;\">Il y a quelques ann\u00e9es, papa s\u2019est dessaisi de la maison familiale en faveur de ma s\u0153ur et de moi-m\u00eame, tout en se r\u00e9servant l\u2019usufruit. L\u2019Etat peut-il venir rechercher chez nous de l\u2019argent afin de financer l\u2019EMS? Cet article est le premier d\u2019une s\u00e9rie de deux consacr\u00e9s au financement de l\u2019entr\u00e9e dans les \u00e9tablissements m\u00e9dico-sociaux (article No 1), d\u2019une part, et sur les cons\u00e9quences d\u2019un dessaisissement sur ce financement (article No 2), d\u2019autre part.<\/p>\n<p style=\"text-align: justify;\"><strong>LE FINANCEMENT<\/strong><br \/>\nLes EMS sont financ\u00e9s par l\u2019Etat, les assurances maladie et les contributions du r\u00e9sidant. Le prix d\u2019une journ\u00e9e dans un EMS se compose:<\/p>\n<ul style=\"text-align: justify;\">\n<li style=\"text-align: justify;\"><strong>du prix de la pension<\/strong><br \/>\ncorrespondant aux frais socio-h\u00f4teliers, soit l\u2019h\u00e9bergement et les repas journaliers. Il est pay\u00e9 par le b\u00e9n\u00e9ficiaire gr\u00e2ce \u00e0 ses revenus (rente AVS, prestations compl\u00e9mentaires AVS, etc.) et sa fortune;<\/li>\n<li style=\"text-align: justify;\"><strong>du prix de l\u2019accompagnement<\/strong><br \/>\ncouvrant les salaires du personnel, il est pay\u00e9 par le b\u00e9n\u00e9ficiaire;<\/li>\n<li style=\"text-align: justify;\"><strong>du prix des soins<\/strong><br \/>\nil est calcul\u00e9 sur la base des salaires et fix\u00e9 en fonction du niveau des soins. Les assureurs-maladie paient pour chaque personne un forfait par niveau de soins, le b\u00e9n\u00e9ficiaire paie le 20% du forfait pay\u00e9 par les assureurs et le solde est \u00e0 la charge des pouvoirs publics;<\/li>\n<li style=\"text-align: justify;\"><strong>des prestations diverses<\/strong><br \/>\ncompos\u00e9es des int\u00e9r\u00eats hypoth\u00e9caires et de l\u2019amortissement de l\u2019immeuble.<\/li>\n<\/ul>\n<p style=\"text-align: justify;\"><strong>LES PRESTATIONS COMPL\u00c9MENTAIRES<\/strong><br \/>\nLeur objectif est de couvrir les besoins vitaux des personnes au b\u00e9n\u00e9fice d\u2019une rente de vieillesse, de survivants ou d\u2019invalidit\u00e9. Une demande de PC peut \u00eatre faite en tout temps. L\u2019Etat \u00e9tablit alors la situation financi\u00e8re du requ\u00e9rant. En fonction de cette situation, le r\u00e9sidant peut b\u00e9n\u00e9ficier d\u2019une prestation compl\u00e9mentaire (au maximum 160 fr. par jour) ou d\u2019une subvention cantonale. Le revenu d\u00e9terminant prend en compte la fortune et les revenus tels que la rente individuelle AVS maximale, la caisse de retraite, les \u00e9ventuelles allocations pour impotence.<\/p>\n<p style=\"text-align: justify;\">S\u2019agissant de la fortune immobili\u00e8re, la valeur consid\u00e9r\u00e9e est la \u00abvaleur v\u00e9nale\u00bb correspondant d\u00e8s 2019 \u00e0 155% de la valeur fiscale. Une franchise de 112 500 fr. est d\u00e9duite pour les propri\u00e9taires d\u2019un immeuble en r\u00e9sidence principale et de 300 000 fr. dans d\u2019autres cas.<\/p>\n<p style=\"text-align: justify;\">Le prix de la pension et les frais d\u2019accompagnement, la cotisation \u00e0 l\u2019assurance maladie, les charges li\u00e9es \u00e0 l\u2019acquisition des revenus et un forfait pour \u00abd\u00e9penses personnelles\u00bb peuvent \u00eatre d\u00e9duits au titre de charges.<\/p>\n<p style=\"text-align: justify;\">A noter que 1\/5 de la fortune consid\u00e9r\u00e9e comme revenu \u00abd\u00e9terminant\u00bb est pris en compte pour le calcul des prestations compl\u00e9mentaires. Une franchise forfaitaire de 37 500 fr. pour une personne seule et de 60 000 fr. pour un couple est d\u00e9duite du revenu \u00abd\u00e9terminant\u00bb.<\/p>\n<p style=\"text-align: justify;\">Une r\u00e9forme de la loi f\u00e9d\u00e9rale sur les prestations compl\u00e9mentaires \u00e0 l\u2019AVS et \u00e0 l\u2019AI a \u00e9t\u00e9 vot\u00e9e par les Chambres. Elle a notamment pour cons\u00e9quence une modification de la franchise forfaitaire qui s\u2019abaisserait \u00e0 30 000 fr. pour une personne seule et \u00e0 50 000 fr. pour un couple.<\/p>\n<p style=\"text-align: justify;\">L\u2019entr\u00e9e en vigueur de cette loi est pr\u00e9vue le 1er janvier 2021.<\/p>\n<\/div><\/section><\/p><\/div>\n<style type=\"text\/css\" data-created_by=\"avia_inline_auto\" id=\"style-css-av-2bwvdd-bb86f5ed2449c34becf58b56ea477fe2\">\n.flex_column.av-2bwvdd-bb86f5ed2449c34becf58b56ea477fe2{\nborder-radius:0px 0px 0px 0px;\npadding:0px 0px 0px 0px;\n}\n<\/style>\n<div  class='flex_column av-2bwvdd-bb86f5ed2449c34becf58b56ea477fe2 av_one_fourth  avia-builder-el-5  el_after_av_two_third  avia-builder-el-last  flex_column_div av-zero-column-padding  '     ><p><section  class='avia-team-member trs-notaire-author   avia-builder-el-6  el_before_av_heading  avia-builder-el-first '  itemscope=\"itemscope\" itemtype=\"https:\/\/schema.org\/Person\" ><div class='team-img-container'><a href=\"https:\/\/www.swisnot.ch\/en\/notaire\/blajev-gregory\/\"><img decoding=\"async\" width=\"206\" height=\"261\" fetchpriority=\"high\" class='wp-image-2837 avia-img-lazy-loading-not-2837 avia_image avia_image_team' src=\"https:\/\/www.swisnot.ch\/wp\/wp-content\/uploads\/2021\/05\/sn_blajev_gregory.jpg\" alt='Blajev Gr\u00e9gory'  itemprop=\"image\"  \/><\/a><div class='team-social'><div class='team-social-inner'><span class='hidden av_member_url_markup '  itemprop=\"url\" >https:\/\/www.swisnot.ch\/en\/notaire\/blajev-gregory\/<\/span><a rel='v:url' data-avia-tooltip=\"Page d\u00e9di\u00e9e\" target='_blank' class=' avia-team-icon ' href='https:\/\/www.swisnot.ch\/en\/notaire\/blajev-gregory\/' aria-hidden='true' data-av_icon='\ue80a' data-av_iconfont='entypo-fontello'><\/a><\/div><\/div><\/div><h3 class='team-member-name'    itemprop=\"name\" >Blajev Gr\u00e9gory<\/h3><div class='team-member-job-title '   itemprop=\"jobTitle\" >Notaire chez <strong><a href=\"https:\/\/www.swisnot.ch\/en\/etudes_notaires\/etude-de-notaires-kaelin-associes-estavayer-le-lac\/\" target=\"_blank\">Etude de notaires Kaelin & Associ\u00e9s Estavayer-le-Lac<\/a><\/strong> (FR-EN)<\/div><span class='hidden team-member-affiliation'  itemprop=\"affiliation\" >swisNot - Le r\u00e9seau notarial suisse<\/span><\/section><br \/>\n\n<style type=\"text\/css\" data-created_by=\"avia_inline_auto\" id=\"style-css-av-2p1p3h-ef98bf0a1b05c543b7a571ca86f81f91\">\n#top .av-special-heading.av-2p1p3h-ef98bf0a1b05c543b7a571ca86f81f91{\npadding-bottom:0;\ncolor:#98012e;\n}\nbody .av-special-heading.av-2p1p3h-ef98bf0a1b05c543b7a571ca86f81f91 .av-special-heading-tag .heading-char{\nfont-size:25px;\n}\n.av-special-heading.av-2p1p3h-ef98bf0a1b05c543b7a571ca86f81f91 .special-heading-inner-border{\nborder-color:#98012e;\n}\n.av-special-heading.av-2p1p3h-ef98bf0a1b05c543b7a571ca86f81f91 .av-subheading{\nfont-size:15px;\n}\n<\/style>\n<div  class='av-special-heading av-2p1p3h-ef98bf0a1b05c543b7a571ca86f81f91 av-special-heading-h3 custom-color-heading blockquote modern-quote  avia-builder-el-7  el_after_trs_notaire_author  el_before_av_iconlist '><h3 class='av-special-heading-tag '  itemprop=\"headline\"  >Ce qu\u2019il faut retenir &#8230;<\/h3><div class=\"special-heading-border\"><div class=\"special-heading-inner-border\"><\/div><\/div><\/div><br \/>\n\n<style type=\"text\/css\" data-created_by=\"avia_inline_auto\" id=\"style-css-av-jwjit50s-d7ce041f41f600ce0bef43ab99c35098\">\n#top .avia-icon-list-container.av-jwjit50s-d7ce041f41f600ce0bef43ab99c35098 .iconlist_icon{\ncolor:#b02b2c;\nfont-size:16px;\n}\n#top .avia-icon-list-container.av-jwjit50s-d7ce041f41f600ce0bef43ab99c35098 .iconlist_icon svg:first-child{\nstroke:#b02b2c;\nfill:#b02b2c;\nheight:16px;\nwidth:16px;\n}\n#top #wrap_all .avia-icon-list-container.av-jwjit50s-d7ce041f41f600ce0bef43ab99c35098 .av_iconlist_title{\nfont-size:16px;\n}\n<\/style>\n<div  class='avia-icon-list-container av-jwjit50s-d7ce041f41f600ce0bef43ab99c35098  avia-builder-el-8  el_after_av_heading  el_before_av_button '><ul class='avia-icon-list avia_animate_when_almost_visible avia-icon-list-left av-iconlist-small av-jwjit50s-d7ce041f41f600ce0bef43ab99c35098 avia-iconlist-animate'>\n<li><div class='iconlist_icon av-77hti5-0dd9902cac9112840cdb0c00c98d9d5f avia-font-entypo-fontello avia-iconfont avia-font-entypo-fontello'><span class='av-icon-char' data-av_icon='\ue812' data-av_iconfont='entypo-fontello' aria-hidden=\"true\"><\/span><\/div><article class=\"article-icon-entry \"  itemscope=\"itemscope\" itemtype=\"https:\/\/schema.org\/CreativeWork\" ><div class=\"iconlist_content_wrap\"><header class=\"entry-content-header\" aria-label=\"Icon: \"><\/header><div class='iconlist_content '  itemprop=\"text\" ><p style=\"text-align: justify;\">Le droit aux prestations compl\u00e9mentaires d\u00e9coule d\u2019un calcul complexe. Un sp\u00e9cialiste devrait \u00eatre approch\u00e9.<\/p>\n<\/div><\/div><footer class=\"entry-footer\"><\/footer><\/article><div class=\"iconlist-timeline\"><\/div><\/li>\n<li><div class='iconlist_icon av-5ovigt-e054a29394b21e9048dc53249df1dd4b avia-font-entypo-fontello avia-iconfont avia-font-entypo-fontello'><span class='av-icon-char' data-av_icon='\ue812' data-av_iconfont='entypo-fontello' aria-hidden=\"true\"><\/span><\/div><article class=\"article-icon-entry \"  itemscope=\"itemscope\" itemtype=\"https:\/\/schema.org\/CreativeWork\" ><div class=\"iconlist_content_wrap\"><header class=\"entry-content-header\" aria-label=\"Icon: \"><\/header><div class='iconlist_content '  itemprop=\"text\" ><p style=\"text-align: justify;\">La question du dessaisissement et son impact financier ne se pose qu\u2019en cas de droit aux prestations compl\u00e9mentaires.<\/p>\n<\/div><\/div><footer class=\"entry-footer\"><\/footer><\/article><div class=\"iconlist-timeline\"><\/div><\/li>\n<\/ul><\/div><br \/>\n<div  class='avia-button-wrap av-jwm36yio-f4520b6975dbbdf406af2594dae68281-wrap avia-button-center  avia-builder-el-9  el_after_av_iconlist  el_before_av_heading  trs-pdf-button'><a href='https:\/\/www.swisnot.ch\/wp\/wp-content\/uploads\/2021\/06\/2020.0708_GB.pdf'  class='avia-button av-jwm36yio-f4520b6975dbbdf406af2594dae68281 av-link-btn avia-icon_select-yes-left-icon avia-size-medium avia-position-center avia-color-theme-color'  target=\"_blank\"  rel=\"noopener noreferrer\"  aria-label=\" Article (PDF)\"><span class='avia_button_icon avia_button_icon_left avia-iconfont avia-font-entypo-fontello' data-av_icon='\ue84d' data-av_iconfont='entypo-fontello' ><\/span><span class='avia_iconbox_title' > Article (PDF)<\/span><\/a><\/div><br \/>\n\n<style type=\"text\/css\" data-created_by=\"avia_inline_auto\" id=\"style-css-av-kovdz3to-36235fd46885d631ed76d152419c4d10\">\n#top .av-special-heading.av-kovdz3to-36235fd46885d631ed76d152419c4d10{\nmargin:10px 0 0 0;\npadding-bottom:10px;\n}\nbody .av-special-heading.av-kovdz3to-36235fd46885d631ed76d152419c4d10 .av-special-heading-tag .heading-char{\nfont-size:25px;\n}\n.av-special-heading.av-kovdz3to-36235fd46885d631ed76d152419c4d10 .av-subheading{\nfont-size:15px;\n}\n<\/style>\n<div  class='av-special-heading av-kovdz3to-36235fd46885d631ed76d152419c4d10 av-special-heading-h6 meta-heading blockquote modern-quote modern-centered  avia-builder-el-10  el_after_av_button  avia-builder-el-last '><h6 class='av-special-heading-tag '  itemprop=\"headline\"  >Publi\u00e9 dans le magazine g\u00e9n\u00e9rations par les notaires de swisNot<\/h6><div class=\"special-heading-border\"><div class=\"special-heading-inner-border\"><\/div><\/div><\/div><\/p><\/div><\/div><\/div><\/main><!-- close content main element --><\/div><\/div><div id='av_section_2'  class='avia-section av-nmk4l-f69545ff0a122408f7703411bebc6db0 main_color avia-section-default avia-no-border-styling  avia-builder-el-11  el_after_av_section  avia-builder-el-last  avia-bg-style-scroll container_wrap fullsize'  ><div class='container av-section-cont-open' ><div class='template-page content  av-content-full alpha units'><div class='post-entry post-entry-type-page post-entry-3685'><div class='entry-content-wrapper clearfix'>\n\n<style type=\"text\/css\" data-created_by=\"avia_inline_auto\" id=\"style-css-av-4mrldx-b5c61c06069641a80d6170b3c9492476\">\n#top .av-special-heading.av-4mrldx-b5c61c06069641a80d6170b3c9492476{\npadding-bottom:10px;\n}\nbody .av-special-heading.av-4mrldx-b5c61c06069641a80d6170b3c9492476 .av-special-heading-tag .heading-char{\nfont-size:25px;\n}\n.av-special-heading.av-4mrldx-b5c61c06069641a80d6170b3c9492476 .av-subheading{\nfont-size:15px;\n}\n<\/style>\n<div  class='av-special-heading av-4mrldx-b5c61c06069641a80d6170b3c9492476 av-special-heading-h3 blockquote modern-quote  avia-builder-el-12  el_before_av_masonry_entries  avia-builder-el-no-sibling  trs-special-underline'><h3 class='av-special-heading-tag '  itemprop=\"headline\"  >Plus d\u2019actualit\u00e9s swisNot <\/h3><div class=\"special-heading-border\"><div class=\"special-heading-inner-border\"><\/div><\/div><\/div>\n<div id='av-masonry-1' class='av-masonry av-38volx-947bb5f0381d5c9756b4c6a225c27eb9 noHover av-fixed-size av-large-gap av-hover-overlay-active av-masonry-animation-active av-masonry-col-flexible av-caption-always av-caption-style- av-masonry-entries ' data-post_id=\"3685\"><div class=\"av-masonry-container isotope av-js-disabled\"><div class='av-masonry-entry isotope-item av-masonry-item-no-image all_sort'><\/div><a href=\"https:\/\/www.swisnot.ch\/en\/actualites\/revision-du-droit-des-successions\/\"  id='av-masonry-1-item-7888' data-av-masonry-item='7888' class='av-masonry-entry isotope-item post-7888 actualites type-actualites status-publish hentry all_sort av-masonry-item-no-image' title=\"R\u00e9vision du droit des successions\"   itemscope=\"itemscope\" itemtype=\"https:\/\/schema.org\/CreativeWork\" ><div class='av-inner-masonry-sizer'><\/div><figure class='av-inner-masonry main_color'><figcaption class='av-inner-masonry-content site-background'><div class='av-inner-masonry-content-pos'><div class='av-inner-masonry-content-pos-content'><div class='avia-arrow'><\/div><h3 class='av-masonry-entry-title entry-title '  itemprop=\"headline\" >R\u00e9vision du droit des successions<\/h3><\/div><\/div><\/figcaption><\/figure><\/a><!--end av-masonry entry--><a href=\"https:\/\/www.swisnot.ch\/en\/actualites\/le-casse-tete-de-la-succession-dans-les-familles-recomposees\/\"  id='av-masonry-1-item-9834' data-av-masonry-item='9834' class='av-masonry-entry isotope-item post-9834 actualites type-actualites status-publish hentry all_sort av-masonry-item-no-image' title=\"Le casse-t\u00eate de la succession dans les familles recompos\u00e9es\"   itemscope=\"itemscope\" itemtype=\"https:\/\/schema.org\/CreativeWork\" ><div class='av-inner-masonry-sizer'><\/div><figure class='av-inner-masonry main_color'><figcaption class='av-inner-masonry-content site-background'><div class='av-inner-masonry-content-pos'><div class='av-inner-masonry-content-pos-content'><div class='avia-arrow'><\/div><h3 class='av-masonry-entry-title entry-title '  itemprop=\"headline\" >Le casse-t\u00eate de la succession dans les familles recompos\u00e9es<\/h3><\/div><\/div><\/figcaption><\/figure><\/a><!--end av-masonry entry--><a href=\"https:\/\/www.swisnot.ch\/en\/actualites\/la-procuration-ne-suffit-pas-toujours\/\"  id='av-masonry-1-item-9826' data-av-masonry-item='9826' class='av-masonry-entry isotope-item post-9826 actualites type-actualites status-publish hentry all_sort av-masonry-item-no-image' title=\"La procuration ne suffit pas toujours\"   itemscope=\"itemscope\" itemtype=\"https:\/\/schema.org\/CreativeWork\" ><div class='av-inner-masonry-sizer'><\/div><figure class='av-inner-masonry main_color'><figcaption class='av-inner-masonry-content site-background'><div class='av-inner-masonry-content-pos'><div class='av-inner-masonry-content-pos-content'><div class='avia-arrow'><\/div><h3 class='av-masonry-entry-title entry-title '  itemprop=\"headline\" >La procuration ne suffit pas toujours<\/h3><\/div><\/div><\/figcaption><\/figure><\/a><!--end av-masonry entry--><a href=\"https:\/\/www.swisnot.ch\/en\/actualites\/donations-un-geste-a-double-tranchant\/\"  id='av-masonry-1-item-9821' data-av-masonry-item='9821' class='av-masonry-entry isotope-item post-9821 actualites type-actualites status-publish hentry all_sort av-masonry-item-no-image' title=\"Donations, un geste \u00e0 double tranchant\"   itemscope=\"itemscope\" itemtype=\"https:\/\/schema.org\/CreativeWork\" ><div class='av-inner-masonry-sizer'><\/div><figure class='av-inner-masonry main_color'><figcaption class='av-inner-masonry-content site-background'><div class='av-inner-masonry-content-pos'><div class='av-inner-masonry-content-pos-content'><div class='avia-arrow'><\/div><h3 class='av-masonry-entry-title entry-title '  itemprop=\"headline\" >Donations, un geste \u00e0 double tranchant<\/h3><\/div><\/div><\/figcaption><\/figure><\/a><!--end av-masonry entry--><a href=\"https:\/\/www.swisnot.ch\/en\/actualites\/et-si-vous-netiez-plus-en-mesure-de-decider\/\"  id='av-masonry-1-item-9804' data-av-masonry-item='9804' class='av-masonry-entry isotope-item post-9804 actualites type-actualites status-publish hentry all_sort av-masonry-item-no-image' title=\"Et si vous n\u2019\u00e9tiez plus en mesure de d\u00e9cider ?\"   itemscope=\"itemscope\" itemtype=\"https:\/\/schema.org\/CreativeWork\" ><div class='av-inner-masonry-sizer'><\/div><figure class='av-inner-masonry main_color'><figcaption class='av-inner-masonry-content site-background'><div class='av-inner-masonry-content-pos'><div class='av-inner-masonry-content-pos-content'><div class='avia-arrow'><\/div><h3 class='av-masonry-entry-title entry-title '  itemprop=\"headline\" >Et si vous n\u2019\u00e9tiez plus en mesure de d\u00e9cider ?<\/h3><\/div><\/div><\/figcaption><\/figure><\/a><!--end av-masonry entry--><a href=\"https:\/\/www.swisnot.ch\/en\/actualites\/preter-de-largent-a-ses-enfants\/\"  id='av-masonry-1-item-9777' data-av-masonry-item='9777' class='av-masonry-entry isotope-item post-9777 actualites type-actualites status-publish hentry all_sort av-masonry-item-no-image' title=\"Pr\u00eater de l\u2019argent \u00e0 ses enfants ?\"   itemscope=\"itemscope\" itemtype=\"https:\/\/schema.org\/CreativeWork\" ><div class='av-inner-masonry-sizer'><\/div><figure class='av-inner-masonry main_color'><figcaption class='av-inner-masonry-content site-background'><div class='av-inner-masonry-content-pos'><div class='av-inner-masonry-content-pos-content'><div class='avia-arrow'><\/div><h3 class='av-masonry-entry-title entry-title '  itemprop=\"headline\" >Pr\u00eater de l\u2019argent \u00e0 ses enfants ?<\/h3><\/div><\/div><\/figcaption><\/figure><\/a><!--end av-masonry entry--><\/div><a class='av-masonry-pagination av-masonry-load-more' href='#load-more'  data-post_type='actualites'  data-link='category, 15'  data-term_rel='IN'  data-wc_prod_visible=''  data-wc_prod_hidden='hide'  data-wc_prod_featured=''  data-wc_prod_sale=''  data-prod_order_by=''  data-prod_order=''  data-date_filter=''  data-date_filter_start=''  data-date_filter_end=''  data-date_filter_format='yy\/mm\/dd'  data-period_filter_unit_1=''  data-period_filter_unit_2=''  data-page_element_filter=''  data-sort='yes'  data-query_orderby='date'  data-query_order='DESC'  data-caption_elements='title'  data-caption_styling=''  data-caption_display='always'  data-img_copyright=''  data-size='fixed masonry'  data-orientation=''  data-image_size='masonry'  data-gap='large'  data-columns='flexible'  data-av-desktop-columns=''  data-av-medium-columns=''  data-av-small-columns=''  data-av-mini-columns=''  data-items='6'  data-paginate='load_more'  data-color=''  data-custom_bg=''  data-img_copyright_font=''  data-av-desktop-font-img_copyright_font=''  data-av-medium-font-img_copyright_font=''  data-av-small-font-img_copyright_font=''  data-av-mini-font-img_copyright_font=''  data-img_copyright_color=''  data-img_copyright_bg=''  data-animation='active'  data-animation_duration=''  data-animation_custom_bg_color=''  data-animation_custom_bg_color_multi_list=''  data-animation_z_index_curtain='100'  data-overlay_fx='active'  data-img_scrset=''  data-lazy_loading='disabled'  data-av-desktop-hide=''  data-av-medium-hide=''  data-av-small-hide=''  data-av-mini-hide=''  data-alb_description=''  data-id=''  data-custom_class=''  data-template_class=''  data-av_uid='av-38volx'  data-sc_version='1.0'  data-ids=''  data-action=''  data-offset='0'  data-container_links='active'  data-link_dest=''  data-lightbox_text=''  data-container_class='av-masonry-entries'  data-auto_ratio='1.7'  data-set_breadcrumb='1'  data-custom_markup=''  data-taxonomy='category'  data-categories=''  data-avno='964abdd85e'>Load more<\/a><\/div>\n<\/p>\n","protected":false},"excerpt":{"rendered":"<p>Comment sera financ\u00e9 son s\u00e9jour et aura-t-il droit \u00e0 des prestations compl\u00e9mentaires ?<\/p>\n","protected":false},"menu_order":0,"template":"","meta":{"_acf_changed":false,"footnotes":""},"categories":[15],"class_list":["post-3685","actualites","type-actualites","status-publish","hentry","category-news"],"acf":[],"yoast_head":"<!-- This site is optimized with the Yoast SEO plugin v24.9 - https:\/\/yoast.com\/wordpress\/plugins\/seo\/ -->\n<title>Papa entre dans un EMS (I) - swisNot - Le r\u00e9seau notarial suisse<\/title>\n<meta name=\"description\" content=\"swisNot, le r\u00e9seau notarial suisse, votre partenaire en mati\u00e8re juridique et fiscale\" \/>\n<meta name=\"robots\" content=\"index, follow, max-snippet:-1, max-image-preview:large, max-video-preview:-1\" \/>\n<link rel=\"canonical\" href=\"https:\/\/www.swisnot.ch\/en\/actualites\/papa-entre-dans-un-ems\/\" \/>\n<meta property=\"og:locale\" content=\"en_US\" \/>\n<meta property=\"og:type\" content=\"article\" \/>\n<meta property=\"og:title\" content=\"Papa entre dans un EMS (I) - swisNot - Le r\u00e9seau notarial suisse\" \/>\n<meta property=\"og:description\" content=\"swisNot, le r\u00e9seau notarial suisse, votre partenaire en mati\u00e8re juridique et fiscale\" \/>\n<meta property=\"og:url\" content=\"https:\/\/www.swisnot.ch\/en\/actualites\/papa-entre-dans-un-ems\/\" \/>\n<meta property=\"og:site_name\" content=\"swisNot - Le r\u00e9seau notarial suisse\" \/>\n<meta property=\"article:modified_time\" content=\"2021-11-22T14:01:45+00:00\" \/>\n<meta name=\"twitter:card\" content=\"summary_large_image\" \/>\n<meta name=\"twitter:label1\" content=\"Est. reading time\" \/>\n\t<meta name=\"twitter:data1\" content=\"10 minutes\" \/>\n<script type=\"application\/ld+json\" class=\"yoast-schema-graph\">{\"@context\":\"https:\/\/schema.org\",\"@graph\":[{\"@type\":\"WebPage\",\"@id\":\"https:\/\/www.swisnot.ch\/en\/actualites\/papa-entre-dans-un-ems\/\",\"url\":\"https:\/\/www.swisnot.ch\/en\/actualites\/papa-entre-dans-un-ems\/\",\"name\":\"Papa entre dans un EMS (I) - swisNot - Le r\u00e9seau notarial suisse\",\"isPartOf\":{\"@id\":\"https:\/\/www.swisnot.ch\/en\/#website\"},\"datePublished\":\"2021-05-17T06:36:02+00:00\",\"dateModified\":\"2021-11-22T14:01:45+00:00\",\"description\":\"swisNot, le r\u00e9seau notarial suisse, votre partenaire en mati\u00e8re juridique et fiscale\",\"breadcrumb\":{\"@id\":\"https:\/\/www.swisnot.ch\/en\/actualites\/papa-entre-dans-un-ems\/#breadcrumb\"},\"inLanguage\":\"en-US\",\"potentialAction\":[{\"@type\":\"ReadAction\",\"target\":[\"https:\/\/www.swisnot.ch\/en\/actualites\/papa-entre-dans-un-ems\/\"]}]},{\"@type\":\"BreadcrumbList\",\"@id\":\"https:\/\/www.swisnot.ch\/en\/actualites\/papa-entre-dans-un-ems\/#breadcrumb\",\"itemListElement\":[{\"@type\":\"ListItem\",\"position\":1,\"name\":\"Accueil\",\"item\":\"https:\/\/www.swisnot.ch\/en\/home\/\"},{\"@type\":\"ListItem\",\"position\":2,\"name\":\"Papa entre dans un EMS (I)\"}]},{\"@type\":\"WebSite\",\"@id\":\"https:\/\/www.swisnot.ch\/en\/#website\",\"url\":\"https:\/\/www.swisnot.ch\/en\/\",\"name\":\"swisNot - Le r\u00e9seau notarial suisse\",\"description\":\"Votre partenaire en mati\u00e8re juridique et fiscale\",\"potentialAction\":[{\"@type\":\"SearchAction\",\"target\":{\"@type\":\"EntryPoint\",\"urlTemplate\":\"https:\/\/www.swisnot.ch\/en\/?s={search_term_string}\"},\"query-input\":{\"@type\":\"PropertyValueSpecification\",\"valueRequired\":true,\"valueName\":\"search_term_string\"}}],\"inLanguage\":\"en-US\"}]}<\/script>\n<!-- \/ Yoast SEO plugin. -->","yoast_head_json":{"title":"Papa entre dans un EMS (I) - swisNot - Le r\u00e9seau notarial suisse","description":"swisNot, le r\u00e9seau notarial suisse, votre partenaire en mati\u00e8re juridique et fiscale","robots":{"index":"index","follow":"follow","max-snippet":"max-snippet:-1","max-image-preview":"max-image-preview:large","max-video-preview":"max-video-preview:-1"},"canonical":"https:\/\/www.swisnot.ch\/en\/actualites\/papa-entre-dans-un-ems\/","og_locale":"en_US","og_type":"article","og_title":"Papa entre dans un EMS (I) - swisNot - Le r\u00e9seau notarial suisse","og_description":"swisNot, le r\u00e9seau notarial suisse, votre partenaire en mati\u00e8re juridique et fiscale","og_url":"https:\/\/www.swisnot.ch\/en\/actualites\/papa-entre-dans-un-ems\/","og_site_name":"swisNot - Le r\u00e9seau notarial suisse","article_modified_time":"2021-11-22T14:01:45+00:00","twitter_card":"summary_large_image","twitter_misc":{"Est. reading time":"10 minutes"},"schema":{"@context":"https:\/\/schema.org","@graph":[{"@type":"WebPage","@id":"https:\/\/www.swisnot.ch\/en\/actualites\/papa-entre-dans-un-ems\/","url":"https:\/\/www.swisnot.ch\/en\/actualites\/papa-entre-dans-un-ems\/","name":"Papa entre dans un EMS (I) - swisNot - Le r\u00e9seau notarial suisse","isPartOf":{"@id":"https:\/\/www.swisnot.ch\/en\/#website"},"datePublished":"2021-05-17T06:36:02+00:00","dateModified":"2021-11-22T14:01:45+00:00","description":"swisNot, le r\u00e9seau notarial suisse, votre partenaire en mati\u00e8re juridique et fiscale","breadcrumb":{"@id":"https:\/\/www.swisnot.ch\/en\/actualites\/papa-entre-dans-un-ems\/#breadcrumb"},"inLanguage":"en-US","potentialAction":[{"@type":"ReadAction","target":["https:\/\/www.swisnot.ch\/en\/actualites\/papa-entre-dans-un-ems\/"]}]},{"@type":"BreadcrumbList","@id":"https:\/\/www.swisnot.ch\/en\/actualites\/papa-entre-dans-un-ems\/#breadcrumb","itemListElement":[{"@type":"ListItem","position":1,"name":"Accueil","item":"https:\/\/www.swisnot.ch\/en\/home\/"},{"@type":"ListItem","position":2,"name":"Papa entre dans un EMS (I)"}]},{"@type":"WebSite","@id":"https:\/\/www.swisnot.ch\/en\/#website","url":"https:\/\/www.swisnot.ch\/en\/","name":"swisNot - Le r\u00e9seau notarial suisse","description":"Votre partenaire en mati\u00e8re juridique et fiscale","potentialAction":[{"@type":"SearchAction","target":{"@type":"EntryPoint","urlTemplate":"https:\/\/www.swisnot.ch\/en\/?s={search_term_string}"},"query-input":{"@type":"PropertyValueSpecification","valueRequired":true,"valueName":"search_term_string"}}],"inLanguage":"en-US"}]}},"_links":{"self":[{"href":"https:\/\/www.swisnot.ch\/en\/wp-json\/wp\/v2\/actualites\/3685","targetHints":{"allow":["GET"]}}],"collection":[{"href":"https:\/\/www.swisnot.ch\/en\/wp-json\/wp\/v2\/actualites"}],"about":[{"href":"https:\/\/www.swisnot.ch\/en\/wp-json\/wp\/v2\/types\/actualites"}],"version-history":[{"count":13,"href":"https:\/\/www.swisnot.ch\/en\/wp-json\/wp\/v2\/actualites\/3685\/revisions"}],"predecessor-version":[{"id":8317,"href":"https:\/\/www.swisnot.ch\/en\/wp-json\/wp\/v2\/actualites\/3685\/revisions\/8317"}],"wp:attachment":[{"href":"https:\/\/www.swisnot.ch\/en\/wp-json\/wp\/v2\/media?parent=3685"}],"wp:term":[{"taxonomy":"category","embeddable":true,"href":"https:\/\/www.swisnot.ch\/en\/wp-json\/wp\/v2\/categories?post=3685"}],"curies":[{"name":"wp","href":"https:\/\/api.w.org\/{rel}","templated":true}]}}