{"id":9035,"date":"2023-01-24T15:02:04","date_gmt":"2023-01-24T14:02:04","guid":{"rendered":"https:\/\/www.swisnot.ch\/actualites\/un-deux-troispiliers-copy\/"},"modified":"2023-01-24T15:05:24","modified_gmt":"2023-01-24T14:05:24","slug":"je-peux-disposer-librement-de-tous-mes-biens-oui-mais","status":"publish","type":"actualites","link":"https:\/\/www.swisnot.ch\/de\/actualites\/je-peux-disposer-librement-de-tous-mes-biens-oui-mais\/","title":{"rendered":"Je peux disposer librement de tous mes biens, oui mais&#8230;"},"content":{"rendered":"<div id='av_section_1'  class='avia-section av-di89ij-10cc6c5915885b9ae53d8d30a0bfd62a main_color avia-section-default avia-no-border-styling  avia-builder-el-0  el_before_av_section  avia-builder-el-first  avia-bg-style-scroll container_wrap fullsize'  ><div class='container av-section-cont-open' ><main  role=\"main\" itemprop=\"mainContentOfPage\"  class='template-page content  av-content-full alpha units'><div class='post-entry post-entry-type-page post-entry-9035'><div class='entry-content-wrapper clearfix'>\n\n<style type=\"text\/css\" data-created_by=\"avia_inline_auto\" id=\"style-css-av-l8udo1w5-cacbb2300f40e13551e2ba5a4f04a672\">\n#top .av-special-heading.av-l8udo1w5-cacbb2300f40e13551e2ba5a4f04a672{\npadding-bottom:10px;\nfont-size:36px;\n}\nbody .av-special-heading.av-l8udo1w5-cacbb2300f40e13551e2ba5a4f04a672 .av-special-heading-tag .heading-char{\nfont-size:25px;\n}\n#top #wrap_all .av-special-heading.av-l8udo1w5-cacbb2300f40e13551e2ba5a4f04a672 .av-special-heading-tag{\nfont-size:36px;\n}\n.av-special-heading.av-l8udo1w5-cacbb2300f40e13551e2ba5a4f04a672 .av-subheading{\nfont-size:15px;\n}\n\n@media only screen and (min-width: 480px) and (max-width: 767px){ \n#top #wrap_all .av-special-heading.av-l8udo1w5-cacbb2300f40e13551e2ba5a4f04a672 .av-special-heading-tag{\nfont-size:0.8em;\n}\n}\n\n@media only screen and (max-width: 479px){ \n#top #wrap_all .av-special-heading.av-l8udo1w5-cacbb2300f40e13551e2ba5a4f04a672 .av-special-heading-tag{\nfont-size:0.8em;\n}\n}\n<\/style>\n<div  class='av-special-heading av-l8udo1w5-cacbb2300f40e13551e2ba5a4f04a672 av-special-heading-h1 blockquote modern-quote  avia-builder-el-1  el_before_av_two_third  avia-builder-el-first  av-inherit-size av-linked-heading'><h1 class='av-special-heading-tag '  itemprop=\"headline\"  >Je peux disposer librement de tous mes biens, oui mais&#8230;<\/h1><div class=\"special-heading-border\"><div class=\"special-heading-inner-border\"><\/div><\/div><\/div>\n\n<style type=\"text\/css\" data-created_by=\"avia_inline_auto\" id=\"style-css-av-d6l0x7-9c2c8319478b4a3a4b20bf9338ea70a3\">\n.flex_column.av-d6l0x7-9c2c8319478b4a3a4b20bf9338ea70a3{\nborder-radius:0px 0px 0px 0px;\npadding:0px 0px 0px 0px;\n}\n<\/style>\n<div  class='flex_column av-d6l0x7-9c2c8319478b4a3a4b20bf9338ea70a3 av_two_third  avia-builder-el-2  el_after_av_heading  el_before_av_one_fourth  first flex_column_div av-zero-column-padding  '     ><p>\n<style type=\"text\/css\" data-created_by=\"avia_inline_auto\" id=\"style-css-av-l8udo90m-0dbaf5e5b2c5ff412a2e426896c665e5\">\n#top .av-special-heading.av-l8udo90m-0dbaf5e5b2c5ff412a2e426896c665e5{\npadding-bottom:10px;\n}\nbody .av-special-heading.av-l8udo90m-0dbaf5e5b2c5ff412a2e426896c665e5 .av-special-heading-tag .heading-char{\nfont-size:25px;\n}\n.av-special-heading.av-l8udo90m-0dbaf5e5b2c5ff412a2e426896c665e5 .av-subheading{\nfont-size:15px;\n}\n<\/style>\n<div  class='av-special-heading av-l8udo90m-0dbaf5e5b2c5ff412a2e426896c665e5 av-special-heading-h2 blockquote modern-quote  avia-builder-el-3  el_before_av_textblock  avia-builder-el-first  av-linked-heading'><h2 class='av-special-heading-tag '  itemprop=\"headline\"  >Tout le monde, effectivement, pense qu\u2019il peut faire ce qu\u2019il lui pla\u00eet de ses avoirs. C\u2019\u00e9tait sans compter le nouveau droit suisse des successions, entr\u00e9 en vigueur au 1er janvier.<\/h2><div class=\"special-heading-border\"><div class=\"special-heading-inner-border\"><\/div><\/div><\/div><br \/>\n<section  class='av_textblock_section av-l8udpky8-d6359d37a7acedd87dc1a23eb4484dcd '   itemscope=\"itemscope\" itemtype=\"https:\/\/schema.org\/CreativeWork\" ><div class='avia_textblock'  itemprop=\"text\" ><p>Vous le savez peut-\u00eatre: le droit suisse des successions a subi une profonde modification le 1er janvier 2023. L\u2019objectif de cette publication n\u2019est pas d\u2019\u00e9num\u00e9rer les modifications l\u00e9gislatives entrant en vigueur, mais d\u2019attirer votre attention sur l\u2019une d\u2019elles dont on parle moins et qui peut avoir d\u2019importantes cons\u00e9quences sur la gestion de votre patrimoine et sur votre pouvoir de disposer librement de certains de vos biens.<\/p>\n<p>Vous avez d\u00e9j\u00e0 pris des dispositions pour cause de mort ou vous r\u00e9fl\u00e9chissiez \u00e0 planifier votre succession ? En consultant votre notaire, celui-ci vous avait alors certainement propos\u00e9 la r\u00e9daction d\u2019un pacte successoral (le seul instrument de droit successoral permettant de l\u00e9ser la r\u00e9serve de certains h\u00e9ritiers moyennant leur signature sur le document). Vous avez peut-\u00eatre sign\u00e9 un tel document.<\/p>\n<p>Pour rappel, le pacte successoral est un outil du droit permettant de prendre des dispositions pour cause de mort de mani\u00e8re contractuelle, c\u2019est-\u00e0-dire entre deux ou plusieurs personnes. En effet, l\u00e0 o\u00f9 le testament trouve ses limites en termes d\u2019engagement r\u00e9ciproque (le testament \u00e9tant une disposition strictement unilat\u00e9rale), le pacte successoral permet, par exemple, \u00e0 un couple de planifier la succession de l\u2019un et de l\u2019autre des conjoints en \u00e9tudiant et en tenant compte de l\u2019ordre des d\u00e9c\u00e8s ainsi que de l\u2019impact de celui-ci sur la vie du conjoint survivant puis sur la succession de ce dernier. Il offre m\u00eame la possibilit\u00e9 de r\u00e9gler la situation du d\u00e9c\u00e8s simultan\u00e9 des deux conjoints. En le r\u00e9digeant de mani\u00e8re minutieuse et pr\u00e9cise, le pacte successoral offre un r\u00e9sultat s\u00fbr.<\/p>\n<p>Mais voil\u00e0, jusqu\u2019au 31 d\u00e9cembre 2022, le droit suisse des successions permettait de disposer librement de ses biens quelles que soient les dispositions prises dans le cadre d\u2019un pacte successoral. Votre conseiller vous aura sans doute expliqu\u00e9 que \u00ab le sort de vos biens ne sera d\u00e9finitivement fix\u00e9 qu\u2019au jour de votre d\u00e9c\u00e8s. D\u2019ici l\u00e0, vous pouviez en disposer librement. \u00bb Et votre conseiller a eu parfaitement raison ! C\u2019est bien ce que pr\u00e9voyait le droit des successions ancienne version.<\/p>\n<p>Cette v\u00e9rit\u00e9 n\u2019a pas r\u00e9sist\u00e9 \u00e0 la modification du droit des successions. D\u00e8s lors, il s\u2019agira de sp\u00e9cifier dans le pacte successoral si votre souhait est de conserver le pouvoir de disposer ou non de tel ou tel bien.<\/p>\n<p><strong>Concr\u00e8tement<\/strong><\/p>\n<p>Premier conseil : relisez les dispositions pour cause de mort (pactes successoraux) que vous avez sign\u00e9es, avec un professionnel. Il saura vous dire si vous \u00eates concern\u00e9(e)s par cette modification. S\u2019il est encore possible de le faire, adaptez vos dispositions et saisissez l\u2019occasion de v\u00e9rifier si le contenu du pacte successoral est toujours d\u2019actualit\u00e9.<\/p>\n<p>Si vous envisagez le transfert d\u2019un bien de votre vivant \u00e0 titre gratuit et que vous aviez express\u00e9ment pr\u00e9vu son attribution \u00e0 une personne pr\u00e9cise dans un pacte successoral, il vous faut alors contacter votre notaire. En effet, une telle op\u00e9ration pourrait \u00eatre attaqu\u00e9e si elle est inconciliable avec les dispositions du pacte successoral et qu\u2019elle n\u2019a pas \u00e9t\u00e9 r\u00e9serv\u00e9e dans ce document. Malheureusement, ce n\u2019est que bien apr\u00e8s le transfert que les cons\u00e9quences se feront ressentir et bien \u00e9videmment lorsque le disposant sera mort.<\/p>\n<p>Il faut donc retenir de ceci qu&#8217;avant de prendre de grandes d\u00e9cisions en lien avec vos biens, vous devez v\u00e9rifier au pr\u00e9alable que vous n\u2019ayez pas d\u00e9j\u00e0 convenu d\u2019un sort pour ceux-ci dans le cadre de votre planification successorale. Si, toutefois, vous pr\u00e9voyez d\u2019attribuer un bien par voie successorale, alors r\u00e9servez-vous la possibilit\u00e9 d\u2019en disposer librement de votre vivant.<\/p>\n<p>Ces points sont techniques et m\u00e9ritent qu\u2019un sp\u00e9cialiste de la planification successorale vous oriente.<\/p>\n<\/div><\/section><\/p><\/div>\n<style type=\"text\/css\" data-created_by=\"avia_inline_auto\" id=\"style-css-av-b8j5vv-533062e02170793ee44b07a243b9f158\">\n.flex_column.av-b8j5vv-533062e02170793ee44b07a243b9f158{\nborder-radius:0px 0px 0px 0px;\npadding:0px 0px 0px 0px;\n}\n<\/style>\n<div  class='flex_column av-b8j5vv-533062e02170793ee44b07a243b9f158 av_one_fourth  avia-builder-el-5  el_after_av_two_third  avia-builder-el-last  flex_column_div av-zero-column-padding  '     ><p><section  class='avia-team-member trs-notaire-author   avia-builder-el-6  el_before_av_heading  avia-builder-el-first '  itemscope=\"itemscope\" itemtype=\"https:\/\/schema.org\/Person\" ><div class='team-img-container'><a href=\"https:\/\/www.swisnot.ch\/de\/notaire\/pradervand-francois-vincent\/\"><img decoding=\"async\" width=\"205\" height=\"266\" fetchpriority=\"high\" class='wp-image-8374 avia-img-lazy-loading-not-8374 avia_image avia_image_team' src=\"https:\/\/www.swisnot.ch\/wp\/wp-content\/uploads\/2021\/05\/Pradevand-1.jpg\" alt='Pradervand Fran\u00e7ois-Vincent'  itemprop=\"image\"  \/><\/a><div class='team-social'><div class='team-social-inner'><span class='hidden av_member_url_markup '  itemprop=\"url\" >https:\/\/www.swisnot.ch\/de\/notaire\/pradervand-francois-vincent\/<\/span><a rel='v:url' data-avia-tooltip=\"Page d\u00e9di\u00e9e\" target='_blank' class=' avia-team-icon ' href='https:\/\/www.swisnot.ch\/de\/notaire\/pradervand-francois-vincent\/' aria-hidden='true' data-av_icon='\ue80a' data-av_iconfont='entypo-fontello'><\/a><\/div><\/div><\/div><h3 class='team-member-name'    itemprop=\"name\" >Pradervand Fran\u00e7ois-Vincent<\/h3><div class='team-member-job-title '   itemprop=\"jobTitle\" >Notaire chez <strong><a href=\"https:\/\/www.swisnot.ch\/de\/etudes_notaires\/pradervand-francois-vincent\/\" target=\"_blank\">Pradervand Fran\u00e7ois-Vincent<\/a><\/strong> (NE-DE-2)<\/div><span class='hidden team-member-affiliation'  itemprop=\"affiliation\" >swisNot - Le r\u00e9seau notarial suisse<\/span><\/section><br \/>\n\n<style type=\"text\/css\" data-created_by=\"avia_inline_auto\" id=\"style-css-av-l8udmrxl-a56559dff1cd0b2118772688f3ae8922\">\n#top .av-special-heading.av-l8udmrxl-a56559dff1cd0b2118772688f3ae8922{\npadding-bottom:0;\ncolor:#98012e;\n}\nbody .av-special-heading.av-l8udmrxl-a56559dff1cd0b2118772688f3ae8922 .av-special-heading-tag .heading-char{\nfont-size:25px;\n}\n.av-special-heading.av-l8udmrxl-a56559dff1cd0b2118772688f3ae8922 .special-heading-inner-border{\nborder-color:#98012e;\n}\n.av-special-heading.av-l8udmrxl-a56559dff1cd0b2118772688f3ae8922 .av-subheading{\nfont-size:15px;\n}\n<\/style>\n<div  class='av-special-heading av-l8udmrxl-a56559dff1cd0b2118772688f3ae8922 av-special-heading-h3 custom-color-heading blockquote modern-quote  avia-builder-el-7  el_after_trs_notaire_author  el_before_av_iconlist  av-linked-heading'><h3 class='av-special-heading-tag '  itemprop=\"headline\"  >En quelques points <\/h3><div class=\"special-heading-border\"><div class=\"special-heading-inner-border\"><\/div><\/div><\/div><br \/>\n\n<style type=\"text\/css\" data-created_by=\"avia_inline_auto\" id=\"style-css-av-l8udnq0d-e510c12a95d88edbcdb36a086bf58a9e\">\n#top .avia-icon-list-container.av-l8udnq0d-e510c12a95d88edbcdb36a086bf58a9e .iconlist_icon{\ncolor:#b02b2c;\nfont-size:16px;\n}\n#top .avia-icon-list-container.av-l8udnq0d-e510c12a95d88edbcdb36a086bf58a9e .iconlist_icon svg:first-child{\nstroke:#b02b2c;\nfill:#b02b2c;\nheight:16px;\nwidth:16px;\n}\n#top #wrap_all .avia-icon-list-container.av-l8udnq0d-e510c12a95d88edbcdb36a086bf58a9e .av_iconlist_title{\nfont-size:16px;\n}\n<\/style>\n<div  class='avia-icon-list-container av-l8udnq0d-e510c12a95d88edbcdb36a086bf58a9e  avia-builder-el-8  el_after_av_heading  el_before_av_button '><ul class='avia-icon-list avia_animate_when_almost_visible avia-icon-list-left av-iconlist-small av-l8udnq0d-e510c12a95d88edbcdb36a086bf58a9e avia-iconlist-animate'>\n<li><div class='iconlist_icon av-l8udn5l3-d5294fd4e1c9e6f6d6617044573c8ebd avia-font-entypo-fontello avia-iconfont avia-font-entypo-fontello'><span class='av-icon-char' data-av_icon='\ue812' data-av_iconfont='entypo-fontello' aria-hidden=\"true\"><\/span><\/div><article class=\"article-icon-entry \"  itemscope=\"itemscope\" itemtype=\"https:\/\/schema.org\/CreativeWork\" ><div class=\"iconlist_content_wrap\"><header class=\"entry-content-header\" aria-label=\"Icon: \"><\/header><div class='iconlist_content '  itemprop=\"text\" ><p style=\"text-align: justify;\">Le nouveau droit successoral est entr\u00e9 n vigueur le 1er janvier<\/p>\n<\/div><\/div><footer class=\"entry-footer\"><\/footer><\/article><div class=\"iconlist-timeline\"><\/div><\/li>\n<li><div class='iconlist_icon av-l8udnbkw-945773d5a4d38118dbad93dd8be94324 avia-font-entypo-fontello avia-iconfont avia-font-entypo-fontello'><span class='av-icon-char' data-av_icon='\ue812' data-av_iconfont='entypo-fontello' aria-hidden=\"true\"><\/span><\/div><article class=\"article-icon-entry \"  itemscope=\"itemscope\" itemtype=\"https:\/\/schema.org\/CreativeWork\" ><div class=\"iconlist_content_wrap\"><header class=\"entry-content-header\" aria-label=\"Icon: \"><\/header><div class='iconlist_content '  itemprop=\"text\" ><p style=\"text-align: justify;\">Vous ne pouvez plus disposer librement de vos biens s\u2019ils sont enregistr\u00e9s dans un pacte successoral<\/p>\n<\/div><\/div><footer class=\"entry-footer\"><\/footer><\/article><div class=\"iconlist-timeline\"><\/div><\/li>\n<li><div class='iconlist_icon av-l8udni4y-fadcb5bbc54f5afb0eb31d6652aa710d avia-font-entypo-fontello avia-iconfont avia-font-entypo-fontello'><span class='av-icon-char' data-av_icon='\ue812' data-av_iconfont='entypo-fontello' aria-hidden=\"true\"><\/span><\/div><article class=\"article-icon-entry \"  itemscope=\"itemscope\" itemtype=\"https:\/\/schema.org\/CreativeWork\" ><div class=\"iconlist_content_wrap\"><header class=\"entry-content-header\" aria-label=\"Icon: \"><\/header><div class='iconlist_content '  itemprop=\"text\" ><p>Pensez \u00e0 v\u00e9rifier si vos dispositions d\u2019alors sont toujours d\u2019actualit\u00e9<\/p>\n<\/div><\/div><footer class=\"entry-footer\"><\/footer><\/article><div class=\"iconlist-timeline\"><\/div><\/li>\n<li><div class='iconlist_icon av-l8udni4y-fadcb5bbc54f5afb0eb31d6652aa710d avia-font-entypo-fontello avia-iconfont avia-font-entypo-fontello'><span class='av-icon-char' data-av_icon='\ue812' data-av_iconfont='entypo-fontello' aria-hidden=\"true\"><\/span><\/div><article class=\"article-icon-entry \"  itemscope=\"itemscope\" itemtype=\"https:\/\/schema.org\/CreativeWork\" ><div class=\"iconlist_content_wrap\"><header class=\"entry-content-header\" aria-label=\"Icon: \"><\/header><div class='iconlist_content '  itemprop=\"text\" ><p>Consultez un notaire<\/p>\n<\/div><\/div><footer class=\"entry-footer\"><\/footer><\/article><div class=\"iconlist-timeline\"><\/div><\/li>\n<\/ul><\/div><br \/>\n<div  class='avia-button-wrap av-l8udmi3h-d32aed40682279f1a206ba1b3d10fefb-wrap avia-button-center  avia-builder-el-9  el_after_av_iconlist  el_before_av_heading  trs-pdf-button'><a href='https:\/\/www.swisnot.ch\/wp\/wp-content\/uploads\/2023\/01\/je-peux-disposer.pdf'  class='avia-button av-l8udmi3h-d32aed40682279f1a206ba1b3d10fefb av-link-btn avia-icon_select-yes-left-icon avia-size-medium avia-position-center avia-color-theme-color'  target=\"_blank\"  rel=\"noopener noreferrer\"  aria-label=\" Article (PDF)\"><span class='avia_button_icon avia_button_icon_left avia-iconfont avia-font-entypo-fontello' data-av_icon='\ue84d' data-av_iconfont='entypo-fontello' ><\/span><span class='avia_iconbox_title' > Article (PDF)<\/span><\/a><\/div><br \/>\n\n<style type=\"text\/css\" data-created_by=\"avia_inline_auto\" id=\"style-css-av-7ipciz-6635ba08fa9e2a634785869e65ab7aca\">\n#top .av-special-heading.av-7ipciz-6635ba08fa9e2a634785869e65ab7aca{\nmargin:10px 0 0 0;\npadding-bottom:10px;\n}\nbody .av-special-heading.av-7ipciz-6635ba08fa9e2a634785869e65ab7aca .av-special-heading-tag .heading-char{\nfont-size:25px;\n}\n.av-special-heading.av-7ipciz-6635ba08fa9e2a634785869e65ab7aca .av-subheading{\nfont-size:15px;\n}\n<\/style>\n<div  class='av-special-heading av-7ipciz-6635ba08fa9e2a634785869e65ab7aca av-special-heading-h6 meta-heading blockquote modern-quote modern-centered  avia-builder-el-10  el_after_av_button  avia-builder-el-last '><h6 class='av-special-heading-tag '  itemprop=\"headline\"  >Publi\u00e9 dans le magazine g\u00e9n\u00e9rations par les notaires de swisNot<\/h6><div class=\"special-heading-border\"><div class=\"special-heading-inner-border\"><\/div><\/div><\/div><\/p><\/div><\/div><\/div><\/main><!-- close content main element --><\/div><\/div><div id='av_section_2'  class='avia-section av-58squ3-cd92fc85286d1a40cd144dfe4436156c main_color avia-section-default avia-no-border-styling  avia-builder-el-11  el_after_av_section  avia-builder-el-last  avia-bg-style-scroll container_wrap fullsize'  ><div class='container av-section-cont-open' ><div class='template-page content  av-content-full alpha units'><div class='post-entry post-entry-type-page post-entry-9035'><div class='entry-content-wrapper clearfix'>\n\n<style type=\"text\/css\" data-created_by=\"avia_inline_auto\" id=\"style-css-av-4376sr-859012419744a2d5d61453e047d7caaf\">\n#top .av-special-heading.av-4376sr-859012419744a2d5d61453e047d7caaf{\npadding-bottom:10px;\n}\nbody .av-special-heading.av-4376sr-859012419744a2d5d61453e047d7caaf .av-special-heading-tag .heading-char{\nfont-size:25px;\n}\n.av-special-heading.av-4376sr-859012419744a2d5d61453e047d7caaf .av-subheading{\nfont-size:15px;\n}\n<\/style>\n<div  class='av-special-heading av-4376sr-859012419744a2d5d61453e047d7caaf av-special-heading-h3 blockquote modern-quote  avia-builder-el-12  el_before_av_masonry_entries  avia-builder-el-no-sibling  trs-special-underline'><h3 class='av-special-heading-tag '  itemprop=\"headline\"  >Plus d\u2019actualit\u00e9s swisNot <\/h3><div class=\"special-heading-border\"><div class=\"special-heading-inner-border\"><\/div><\/div><\/div>\n<div id='av-masonry-1' class='av-masonry av-38e08r-70a9e3adc805f7dcbcc561496bea70e6 noHover av-fixed-size av-large-gap av-hover-overlay-active av-masonry-animation-active av-masonry-col-flexible av-caption-always av-caption-style- av-masonry-entries ' data-post_id=\"9035\"><div class=\"av-masonry-container isotope av-js-disabled\"><div class='av-masonry-entry isotope-item av-masonry-item-no-image all_sort'><\/div><a href=\"https:\/\/www.swisnot.ch\/de\/actualites\/revision-du-droit-des-successions\/\"  id='av-masonry-1-item-7888' data-av-masonry-item='7888' class='av-masonry-entry isotope-item post-7888 actualites type-actualites status-publish hentry all_sort av-masonry-item-no-image' title=\"R\u00e9vision du droit des successions\"   itemscope=\"itemscope\" itemtype=\"https:\/\/schema.org\/CreativeWork\" ><div class='av-inner-masonry-sizer'><\/div><figure class='av-inner-masonry main_color'><figcaption class='av-inner-masonry-content site-background'><div class='av-inner-masonry-content-pos'><div class='av-inner-masonry-content-pos-content'><div class='avia-arrow'><\/div><h3 class='av-masonry-entry-title entry-title '  itemprop=\"headline\" >R\u00e9vision du droit des successions<\/h3><\/div><\/div><\/figcaption><\/figure><\/a><!--end av-masonry entry--><a href=\"https:\/\/www.swisnot.ch\/de\/actualites\/le-casse-tete-de-la-succession-dans-les-familles-recomposees\/\"  id='av-masonry-1-item-9834' data-av-masonry-item='9834' class='av-masonry-entry isotope-item post-9834 actualites type-actualites status-publish hentry all_sort av-masonry-item-no-image' title=\"Le casse-t\u00eate de la succession dans les familles recompos\u00e9es\"   itemscope=\"itemscope\" itemtype=\"https:\/\/schema.org\/CreativeWork\" ><div class='av-inner-masonry-sizer'><\/div><figure class='av-inner-masonry main_color'><figcaption class='av-inner-masonry-content site-background'><div class='av-inner-masonry-content-pos'><div class='av-inner-masonry-content-pos-content'><div class='avia-arrow'><\/div><h3 class='av-masonry-entry-title entry-title '  itemprop=\"headline\" >Le casse-t\u00eate de la succession dans les familles recompos\u00e9es<\/h3><\/div><\/div><\/figcaption><\/figure><\/a><!--end av-masonry entry--><a href=\"https:\/\/www.swisnot.ch\/de\/actualites\/la-procuration-ne-suffit-pas-toujours\/\"  id='av-masonry-1-item-9826' data-av-masonry-item='9826' class='av-masonry-entry isotope-item post-9826 actualites type-actualites status-publish hentry all_sort av-masonry-item-no-image' title=\"La procuration ne suffit pas toujours\"   itemscope=\"itemscope\" itemtype=\"https:\/\/schema.org\/CreativeWork\" ><div class='av-inner-masonry-sizer'><\/div><figure class='av-inner-masonry main_color'><figcaption class='av-inner-masonry-content site-background'><div class='av-inner-masonry-content-pos'><div class='av-inner-masonry-content-pos-content'><div class='avia-arrow'><\/div><h3 class='av-masonry-entry-title entry-title '  itemprop=\"headline\" >La procuration ne suffit pas toujours<\/h3><\/div><\/div><\/figcaption><\/figure><\/a><!--end av-masonry entry--><a href=\"https:\/\/www.swisnot.ch\/de\/actualites\/donations-un-geste-a-double-tranchant\/\"  id='av-masonry-1-item-9821' data-av-masonry-item='9821' class='av-masonry-entry isotope-item post-9821 actualites type-actualites status-publish hentry all_sort av-masonry-item-no-image' title=\"Donations, un geste \u00e0 double tranchant\"   itemscope=\"itemscope\" itemtype=\"https:\/\/schema.org\/CreativeWork\" ><div class='av-inner-masonry-sizer'><\/div><figure class='av-inner-masonry main_color'><figcaption class='av-inner-masonry-content site-background'><div class='av-inner-masonry-content-pos'><div class='av-inner-masonry-content-pos-content'><div class='avia-arrow'><\/div><h3 class='av-masonry-entry-title entry-title '  itemprop=\"headline\" >Donations, un geste \u00e0 double tranchant<\/h3><\/div><\/div><\/figcaption><\/figure><\/a><!--end av-masonry entry--><a href=\"https:\/\/www.swisnot.ch\/de\/actualites\/et-si-vous-netiez-plus-en-mesure-de-decider\/\"  id='av-masonry-1-item-9804' data-av-masonry-item='9804' class='av-masonry-entry isotope-item post-9804 actualites type-actualites status-publish hentry all_sort av-masonry-item-no-image' title=\"Et si vous n\u2019\u00e9tiez plus en mesure de d\u00e9cider ?\"   itemscope=\"itemscope\" itemtype=\"https:\/\/schema.org\/CreativeWork\" ><div class='av-inner-masonry-sizer'><\/div><figure class='av-inner-masonry main_color'><figcaption class='av-inner-masonry-content site-background'><div class='av-inner-masonry-content-pos'><div class='av-inner-masonry-content-pos-content'><div class='avia-arrow'><\/div><h3 class='av-masonry-entry-title entry-title '  itemprop=\"headline\" >Et si vous n\u2019\u00e9tiez plus en mesure de d\u00e9cider ?<\/h3><\/div><\/div><\/figcaption><\/figure><\/a><!--end av-masonry entry--><a href=\"https:\/\/www.swisnot.ch\/de\/actualites\/preter-de-largent-a-ses-enfants\/\"  id='av-masonry-1-item-9777' data-av-masonry-item='9777' class='av-masonry-entry isotope-item post-9777 actualites type-actualites status-publish hentry all_sort av-masonry-item-no-image' title=\"Pr\u00eater de l\u2019argent \u00e0 ses enfants ?\"   itemscope=\"itemscope\" itemtype=\"https:\/\/schema.org\/CreativeWork\" ><div class='av-inner-masonry-sizer'><\/div><figure class='av-inner-masonry main_color'><figcaption class='av-inner-masonry-content site-background'><div class='av-inner-masonry-content-pos'><div class='av-inner-masonry-content-pos-content'><div class='avia-arrow'><\/div><h3 class='av-masonry-entry-title entry-title '  itemprop=\"headline\" >Pr\u00eater de l\u2019argent \u00e0 ses enfants ?<\/h3><\/div><\/div><\/figcaption><\/figure><\/a><!--end av-masonry entry--><\/div><a class='av-masonry-pagination av-masonry-load-more' href='#load-more'  data-post_type='actualites'  data-link='category, 15'  data-term_rel='IN'  data-wc_prod_visible=''  data-wc_prod_hidden='hide'  data-wc_prod_featured=''  data-wc_prod_sale=''  data-prod_order_by=''  data-prod_order=''  data-date_filter=''  data-date_filter_start=''  data-date_filter_end=''  data-date_filter_format='yy\/mm\/dd'  data-period_filter_unit_1=''  data-period_filter_unit_2=''  data-page_element_filter=''  data-sort='yes'  data-query_orderby='date'  data-query_order='DESC'  data-caption_elements='title'  data-caption_styling=''  data-caption_display='always'  data-img_copyright=''  data-size='fixed masonry'  data-orientation=''  data-image_size='masonry'  data-gap='large'  data-columns='flexible'  data-av-desktop-columns=''  data-av-medium-columns=''  data-av-small-columns=''  data-av-mini-columns=''  data-items='6'  data-paginate='load_more'  data-color=''  data-custom_bg=''  data-img_copyright_font=''  data-av-desktop-font-img_copyright_font=''  data-av-medium-font-img_copyright_font=''  data-av-small-font-img_copyright_font=''  data-av-mini-font-img_copyright_font=''  data-img_copyright_color=''  data-img_copyright_bg=''  data-animation='active'  data-animation_duration=''  data-animation_custom_bg_color=''  data-animation_custom_bg_color_multi_list=''  data-animation_z_index_curtain='100'  data-overlay_fx='active'  data-img_scrset=''  data-lazy_loading='disabled'  data-av-desktop-hide=''  data-av-medium-hide=''  data-av-small-hide=''  data-av-mini-hide=''  data-alb_description=''  data-id=''  data-custom_class=''  data-template_class=''  data-av_uid='av-38e08r'  data-sc_version='1.0'  data-ids=''  data-action=''  data-offset='0'  data-container_links='active'  data-link_dest=''  data-lightbox_text=''  data-container_class='av-masonry-entries'  data-auto_ratio='1.7'  data-set_breadcrumb='1'  data-custom_markup=''  data-taxonomy='category'  data-categories=''  data-avno='1fbdc58097'>Mehr laden<\/a><\/div>\n<\/p>\n","protected":false},"excerpt":{"rendered":"<p>Tout le monde, effectivement, pense qu\u2019il peut faire ce qu\u2019il lui pla\u00eet de ses avoirs. C\u2019\u00e9tait sans compter le nouveau droit suisse des successions, entr\u00e9 en vigueur au 1er janvier.<\/p>\n","protected":false},"menu_order":0,"template":"","meta":{"_acf_changed":false,"footnotes":""},"categories":[15],"class_list":["post-9035","actualites","type-actualites","status-publish","hentry","category-news"],"acf":[],"yoast_head":"<!-- This site is optimized with the Yoast SEO plugin v24.9 - https:\/\/yoast.com\/wordpress\/plugins\/seo\/ -->\n<title>Je peux disposer librement de tous mes biens, oui mais... - swisNot - Le r\u00e9seau notarial suisse<\/title>\n<meta name=\"description\" content=\"swisNot, le r\u00e9seau notarial suisse, votre partenaire en mati\u00e8re juridique et fiscale\" \/>\n<meta name=\"robots\" content=\"index, follow, max-snippet:-1, max-image-preview:large, max-video-preview:-1\" \/>\n<link rel=\"canonical\" href=\"https:\/\/www.swisnot.ch\/de\/actualites\/je-peux-disposer-librement-de-tous-mes-biens-oui-mais\/\" \/>\n<meta property=\"og:locale\" content=\"de_DE\" \/>\n<meta property=\"og:type\" content=\"article\" \/>\n<meta property=\"og:title\" content=\"Je peux disposer librement de tous mes biens, oui mais... - swisNot - Le r\u00e9seau notarial suisse\" \/>\n<meta property=\"og:description\" content=\"swisNot, le r\u00e9seau notarial suisse, votre partenaire en mati\u00e8re juridique et fiscale\" \/>\n<meta property=\"og:url\" content=\"https:\/\/www.swisnot.ch\/de\/actualites\/je-peux-disposer-librement-de-tous-mes-biens-oui-mais\/\" \/>\n<meta property=\"og:site_name\" content=\"swisNot - Le r\u00e9seau notarial suisse\" \/>\n<meta property=\"article:modified_time\" content=\"2023-01-24T14:05:24+00:00\" \/>\n<meta name=\"twitter:card\" content=\"summary_large_image\" \/>\n<meta name=\"twitter:label1\" content=\"Est. reading time\" \/>\n\t<meta name=\"twitter:data1\" content=\"11 minutes\" \/>\n<script type=\"application\/ld+json\" class=\"yoast-schema-graph\">{\"@context\":\"https:\/\/schema.org\",\"@graph\":[{\"@type\":\"WebPage\",\"@id\":\"https:\/\/www.swisnot.ch\/de\/actualites\/je-peux-disposer-librement-de-tous-mes-biens-oui-mais\/\",\"url\":\"https:\/\/www.swisnot.ch\/de\/actualites\/je-peux-disposer-librement-de-tous-mes-biens-oui-mais\/\",\"name\":\"Je peux disposer librement de tous mes biens, oui mais... - swisNot - Le r\u00e9seau notarial suisse\",\"isPartOf\":{\"@id\":\"https:\/\/www.swisnot.ch\/de\/#website\"},\"datePublished\":\"2023-01-24T14:02:04+00:00\",\"dateModified\":\"2023-01-24T14:05:24+00:00\",\"description\":\"swisNot, le r\u00e9seau notarial suisse, votre partenaire en mati\u00e8re juridique et fiscale\",\"breadcrumb\":{\"@id\":\"https:\/\/www.swisnot.ch\/de\/actualites\/je-peux-disposer-librement-de-tous-mes-biens-oui-mais\/#breadcrumb\"},\"inLanguage\":\"de-DE\",\"potentialAction\":[{\"@type\":\"ReadAction\",\"target\":[\"https:\/\/www.swisnot.ch\/de\/actualites\/je-peux-disposer-librement-de-tous-mes-biens-oui-mais\/\"]}]},{\"@type\":\"BreadcrumbList\",\"@id\":\"https:\/\/www.swisnot.ch\/de\/actualites\/je-peux-disposer-librement-de-tous-mes-biens-oui-mais\/#breadcrumb\",\"itemListElement\":[{\"@type\":\"ListItem\",\"position\":1,\"name\":\"Accueil\",\"item\":\"https:\/\/www.swisnot.ch\/de\/home\/\"},{\"@type\":\"ListItem\",\"position\":2,\"name\":\"Je peux disposer librement de tous mes biens, oui mais&#8230;\"}]},{\"@type\":\"WebSite\",\"@id\":\"https:\/\/www.swisnot.ch\/de\/#website\",\"url\":\"https:\/\/www.swisnot.ch\/de\/\",\"name\":\"swisNot - Le r\u00e9seau notarial suisse\",\"description\":\"Votre partenaire en mati\u00e8re juridique et fiscale\",\"potentialAction\":[{\"@type\":\"SearchAction\",\"target\":{\"@type\":\"EntryPoint\",\"urlTemplate\":\"https:\/\/www.swisnot.ch\/de\/?s={search_term_string}\"},\"query-input\":{\"@type\":\"PropertyValueSpecification\",\"valueRequired\":true,\"valueName\":\"search_term_string\"}}],\"inLanguage\":\"de-DE\"}]}<\/script>\n<!-- \/ Yoast SEO plugin. -->","yoast_head_json":{"title":"Je peux disposer librement de tous mes biens, oui mais... - swisNot - Le r\u00e9seau notarial suisse","description":"swisNot, le r\u00e9seau notarial suisse, votre partenaire en mati\u00e8re juridique et fiscale","robots":{"index":"index","follow":"follow","max-snippet":"max-snippet:-1","max-image-preview":"max-image-preview:large","max-video-preview":"max-video-preview:-1"},"canonical":"https:\/\/www.swisnot.ch\/de\/actualites\/je-peux-disposer-librement-de-tous-mes-biens-oui-mais\/","og_locale":"de_DE","og_type":"article","og_title":"Je peux disposer librement de tous mes biens, oui mais... - swisNot - Le r\u00e9seau notarial suisse","og_description":"swisNot, le r\u00e9seau notarial suisse, votre partenaire en mati\u00e8re juridique et fiscale","og_url":"https:\/\/www.swisnot.ch\/de\/actualites\/je-peux-disposer-librement-de-tous-mes-biens-oui-mais\/","og_site_name":"swisNot - Le r\u00e9seau notarial suisse","article_modified_time":"2023-01-24T14:05:24+00:00","twitter_card":"summary_large_image","twitter_misc":{"Est. reading time":"11 minutes"},"schema":{"@context":"https:\/\/schema.org","@graph":[{"@type":"WebPage","@id":"https:\/\/www.swisnot.ch\/de\/actualites\/je-peux-disposer-librement-de-tous-mes-biens-oui-mais\/","url":"https:\/\/www.swisnot.ch\/de\/actualites\/je-peux-disposer-librement-de-tous-mes-biens-oui-mais\/","name":"Je peux disposer librement de tous mes biens, oui mais... - swisNot - Le r\u00e9seau notarial suisse","isPartOf":{"@id":"https:\/\/www.swisnot.ch\/de\/#website"},"datePublished":"2023-01-24T14:02:04+00:00","dateModified":"2023-01-24T14:05:24+00:00","description":"swisNot, le r\u00e9seau notarial suisse, votre partenaire en mati\u00e8re juridique et fiscale","breadcrumb":{"@id":"https:\/\/www.swisnot.ch\/de\/actualites\/je-peux-disposer-librement-de-tous-mes-biens-oui-mais\/#breadcrumb"},"inLanguage":"de-DE","potentialAction":[{"@type":"ReadAction","target":["https:\/\/www.swisnot.ch\/de\/actualites\/je-peux-disposer-librement-de-tous-mes-biens-oui-mais\/"]}]},{"@type":"BreadcrumbList","@id":"https:\/\/www.swisnot.ch\/de\/actualites\/je-peux-disposer-librement-de-tous-mes-biens-oui-mais\/#breadcrumb","itemListElement":[{"@type":"ListItem","position":1,"name":"Accueil","item":"https:\/\/www.swisnot.ch\/de\/home\/"},{"@type":"ListItem","position":2,"name":"Je peux disposer librement de tous mes biens, oui mais&#8230;"}]},{"@type":"WebSite","@id":"https:\/\/www.swisnot.ch\/de\/#website","url":"https:\/\/www.swisnot.ch\/de\/","name":"swisNot - Le r\u00e9seau notarial suisse","description":"Votre partenaire en mati\u00e8re juridique et fiscale","potentialAction":[{"@type":"SearchAction","target":{"@type":"EntryPoint","urlTemplate":"https:\/\/www.swisnot.ch\/de\/?s={search_term_string}"},"query-input":{"@type":"PropertyValueSpecification","valueRequired":true,"valueName":"search_term_string"}}],"inLanguage":"de-DE"}]}},"_links":{"self":[{"href":"https:\/\/www.swisnot.ch\/de\/wp-json\/wp\/v2\/actualites\/9035","targetHints":{"allow":["GET"]}}],"collection":[{"href":"https:\/\/www.swisnot.ch\/de\/wp-json\/wp\/v2\/actualites"}],"about":[{"href":"https:\/\/www.swisnot.ch\/de\/wp-json\/wp\/v2\/types\/actualites"}],"version-history":[{"count":2,"href":"https:\/\/www.swisnot.ch\/de\/wp-json\/wp\/v2\/actualites\/9035\/revisions"}],"predecessor-version":[{"id":9036,"href":"https:\/\/www.swisnot.ch\/de\/wp-json\/wp\/v2\/actualites\/9035\/revisions\/9036"}],"wp:attachment":[{"href":"https:\/\/www.swisnot.ch\/de\/wp-json\/wp\/v2\/media?parent=9035"}],"wp:term":[{"taxonomy":"category","embeddable":true,"href":"https:\/\/www.swisnot.ch\/de\/wp-json\/wp\/v2\/categories?post=9035"}],"curies":[{"name":"wp","href":"https:\/\/api.w.org\/{rel}","templated":true}]}}