{"id":8907,"date":"2022-10-04T16:15:47","date_gmt":"2022-10-04T15:15:47","guid":{"rendered":"https:\/\/www.swisnot.ch\/?post_type=actualites&#038;p=8907"},"modified":"2022-11-22T09:10:40","modified_gmt":"2022-11-22T08:10:40","slug":"le-mandat-pour-cause-dinaptitude","status":"publish","type":"actualites","link":"https:\/\/www.swisnot.ch\/de\/actualites\/le-mandat-pour-cause-dinaptitude\/","title":{"rendered":"Le mandat pour cause d\u2019inaptitude"},"content":{"rendered":"<div id='av_section_1'  class='avia-section av-k8wbxn-6c4fb6b9dbefe6d0e0be48a3d69466d9 main_color avia-section-default avia-no-border-styling  avia-builder-el-0  el_before_av_section  avia-builder-el-first  avia-bg-style-scroll container_wrap fullsize'  ><div class='container av-section-cont-open' ><main  role=\"main\" itemprop=\"mainContentOfPage\"  class='template-page content  av-content-full alpha units'><div class='post-entry post-entry-type-page post-entry-8907'><div class='entry-content-wrapper clearfix'>\n\n<style type=\"text\/css\" data-created_by=\"avia_inline_auto\" id=\"style-css-av-l8uc811i-7ec81f97ca1e2c39f416664886d7b190\">\n#top .av-special-heading.av-l8uc811i-7ec81f97ca1e2c39f416664886d7b190{\npadding-bottom:10px;\nfont-size:36px;\n}\nbody .av-special-heading.av-l8uc811i-7ec81f97ca1e2c39f416664886d7b190 .av-special-heading-tag .heading-char{\nfont-size:25px;\n}\n#top #wrap_all .av-special-heading.av-l8uc811i-7ec81f97ca1e2c39f416664886d7b190 .av-special-heading-tag{\nfont-size:36px;\n}\n.av-special-heading.av-l8uc811i-7ec81f97ca1e2c39f416664886d7b190 .av-subheading{\nfont-size:15px;\n}\n\n@media only screen and (min-width: 480px) and (max-width: 767px){ \n#top #wrap_all .av-special-heading.av-l8uc811i-7ec81f97ca1e2c39f416664886d7b190 .av-special-heading-tag{\nfont-size:0.8em;\n}\n}\n\n@media only screen and (max-width: 479px){ \n#top #wrap_all .av-special-heading.av-l8uc811i-7ec81f97ca1e2c39f416664886d7b190 .av-special-heading-tag{\nfont-size:0.8em;\n}\n}\n<\/style>\n<div  class='av-special-heading av-l8uc811i-7ec81f97ca1e2c39f416664886d7b190 av-special-heading-h1 blockquote modern-quote  avia-builder-el-1  el_before_av_two_third  avia-builder-el-first  av-inherit-size av-linked-heading'><h1 class='av-special-heading-tag '  itemprop=\"headline\"  >Le mandat pour cause d\u2019inaptitude<\/h1><div class=\"special-heading-border\"><div class=\"special-heading-inner-border\"><\/div><\/div><\/div>\n\n<style type=\"text\/css\" data-created_by=\"avia_inline_auto\" id=\"style-css-av-ixnssr-27a8cdbd92dd4bd714cdec15a76ec315\">\n.flex_column.av-ixnssr-27a8cdbd92dd4bd714cdec15a76ec315{\nborder-radius:0px 0px 0px 0px;\npadding:0px 0px 0px 0px;\n}\n<\/style>\n<div  class='flex_column av-ixnssr-27a8cdbd92dd4bd714cdec15a76ec315 av_two_third  avia-builder-el-2  el_after_av_heading  el_before_av_one_fourth  first flex_column_div av-zero-column-padding  '     ><p>\n<style type=\"text\/css\" data-created_by=\"avia_inline_auto\" id=\"style-css-av-l8uc89in-e006f1007b4e93dcbd5ac9c30029aee8\">\n#top .av-special-heading.av-l8uc89in-e006f1007b4e93dcbd5ac9c30029aee8{\npadding-bottom:10px;\n}\nbody .av-special-heading.av-l8uc89in-e006f1007b4e93dcbd5ac9c30029aee8 .av-special-heading-tag .heading-char{\nfont-size:25px;\n}\n.av-special-heading.av-l8uc89in-e006f1007b4e93dcbd5ac9c30029aee8 .av-subheading{\nfont-size:15px;\n}\n<\/style>\n<div  class='av-special-heading av-l8uc89in-e006f1007b4e93dcbd5ac9c30029aee8 av-special-heading-h2 blockquote modern-quote  avia-builder-el-3  el_before_av_textblock  avia-builder-el-first  av-linked-heading'><h2 class='av-special-heading-tag '  itemprop=\"headline\"  >Qu\u2019est ce qui se cache derri\u00e8re ce terme compliqu\u00e9 ?<\/h2><div class=\"special-heading-border\"><div class=\"special-heading-inner-border\"><\/div><\/div><\/div><br \/>\n<section  class='av_textblock_section av-l8uca5t4-2890fe6b01d03095d3d0675365537f41 '   itemscope=\"itemscope\" itemtype=\"https:\/\/schema.org\/CreativeWork\" ><div class='avia_textblock'  itemprop=\"text\" ><p>Le mandat pour cause d\u2019inaptitude est une procuration donn\u00e9e \u00e0 une personne de confiance, \u00e0 laquelle je confie les pouvoirs de g\u00e9rer mon patrimoine et de s\u2019occuper de mes affaires. Mais ce mandat ne vaut qu\u2019en cas \u00ab d\u2019inaptitude \u00bb, en d\u2019autres termes : uniquement dans l\u2019hypoth\u00e8se o\u00f9 je perds ma capacit\u00e9 de discernement, pour cause de maladie, par exemple. L\u2019avantage d\u2019un tel document est de pouvoir choisir soi-m\u00eame son mandataire, dans un cadre priv\u00e9, en \u00e9vitant ainsi que l\u2019autorit\u00e9 ne choisisse pour moi un curateur, lorsque cela sera trop tard. L\u2019autre avantage est de simplifier un certain nombre de formalit\u00e9s.<\/p>\n<p>Ainsi, si j\u2019ai sign\u00e9 un mandat pour cause d\u2019inaptitude, lorsque je perdrai le discernement, ma famille, mon entourage ou mon m\u00e9decin avisera l\u2019autorit\u00e9 (dans le Canton de Vaud, par exemple, la Justice de paix) qui, apr\u00e8s avoir \u00e9tabli que j\u2019ai effectivement perdu ma capacit\u00e9 de discernement, validera mon mandat pour cause d\u2019inaptitude. Mon mandataire pourra ainsi me repr\u00e9senter aupr\u00e8s de ma banque, de mes assurances, aupr\u00e8s de tous mes contacts et de me repr\u00e9senter dans tous les rapports juridiques avec des tiers (autorit\u00e9 fiscale et toute administration, bailleur ou locataire, cr\u00e9ancier ou d\u00e9biteur, etc.), r\u00e9gler toutes mes affaires. Pour pr\u00e9parer cette \u00e9ventualit\u00e9 \u2014 la perte du dis- cernement \u2014 il faut signer un mandat pour cause d\u2019inaptitude. C\u2019est assez simple, mais il y a des formes \u00e0 respecter: soit il faut le r\u00e9diger soi-m\u00eame, de mani\u00e8re manuscrite sans oublier de le dater et de le signer, soit il faut le signer devant notaire. L\u2019utilisation d\u2019un formulaire pr\u00e9imprim\u00e9 n\u2019est pas valable.<\/p>\n<p><strong>Prudence !<\/strong><\/p>\n<p>M\u00eame si le mandat pour cause d\u2019inaptitude reste encore peu utilis\u00e9, il est prudent de ne pas trop attendre ou de penser que \u00ab cela n\u2019arrivera jamais \u00bb\u2026 Mieux vaut pr\u00e9parer ce document \u00e0 l\u2019avance. Toute personne ayant l\u2019exercice des droits civils (mandant) peut donc d\u00e9signer une personne physique ou morale (mandataire) et la charger, pour le cas o\u00f9 elle deviendrait incapable de discernement, de lui fournir une assistance personnelle. Il s\u2019agit, de cette mani\u00e8re, de pr\u00e9ciser ce que l\u2019on veut et de mettre en place un syst\u00e8me de protection \u00ab pour le cas o\u00f9 \u00bb.<\/p>\n<p>Si vous n\u2019avez pas pr\u00e9vu de mandat pour cause d\u2019inaptitude, c\u2019est l\u2019autorit\u00e9 qui nommera alors un curateur. Les diff\u00e9rences sont que le curateur sera choisi par l\u2019autorit\u00e9 et que son cahier des charges sera stricte- ment d\u00e9fini par la loi. En compl\u00e9ment du mandat pour cause d\u2019inaptitude, il est possible de pr\u00e9voir aussi des \u00ab directives anticip\u00e9es du patient \u00bb, qui portent, elles, sur le volet m\u00e9dical.<\/p>\n<p>Enfin, une derni\u00e8re pr\u00e9cision importante. Si vous aviez d\u00e9j\u00e0 mis en place une procuration en faveur d\u2019un mandataire, celle-ci ne sera plus valable si vous perdiez le discernement. En effet, selon la loi, une procuration perd automatiquement sa validit\u00e9 dans ce cas.<\/p>\n<p>En r\u00e9sum\u00e9, l\u2019utilit\u00e9 d\u2019un mandat pour cause d\u2019inaptitude est ind\u00e9niable. Il vous offre une multitude d\u2019options possibles, tenant compte des sp\u00e9cificit\u00e9s de vos avoirs et de votre contexte familial. Le notaire est un sp\u00e9cialiste et peut \u00eatre consult\u00e9.<\/p>\n<\/div><\/section><\/p><\/div>\n<style type=\"text\/css\" data-created_by=\"avia_inline_auto\" id=\"style-css-av-i1pw6z-ca4cd7ce8534d844e60315bf83185916\">\n.flex_column.av-i1pw6z-ca4cd7ce8534d844e60315bf83185916{\nborder-radius:0px 0px 0px 0px;\npadding:0px 0px 0px 0px;\n}\n<\/style>\n<div  class='flex_column av-i1pw6z-ca4cd7ce8534d844e60315bf83185916 av_one_fourth  avia-builder-el-5  el_after_av_two_third  avia-builder-el-last  flex_column_div av-zero-column-padding  '     ><p><section  class='avia-team-member trs-notaire-author   avia-builder-el-6  el_before_av_heading  avia-builder-el-first '  itemscope=\"itemscope\" itemtype=\"https:\/\/schema.org\/Person\" ><div class='team-img-container'><a href=\"https:\/\/www.swisnot.ch\/de\/notaire\/laydu-molinari-sandra\/\"><img decoding=\"async\" width=\"206\" height=\"268\" fetchpriority=\"high\" class='wp-image-3945 avia-img-lazy-loading-not-3945 avia_image avia_image_team' src=\"https:\/\/www.swisnot.ch\/wp\/wp-content\/uploads\/2021\/05\/laydumolinari_sandra.jpg\" alt='Laydu Molinari Sandra'  itemprop=\"image\"  \/><\/a><div class='team-social'><div class='team-social-inner'><span class='hidden av_member_url_markup '  itemprop=\"url\" >https:\/\/www.swisnot.ch\/de\/notaire\/laydu-molinari-sandra\/<\/span><a rel='v:url' data-avia-tooltip=\"Page d\u00e9di\u00e9e\" target='_blank' class=' avia-team-icon ' href='https:\/\/www.swisnot.ch\/de\/notaire\/laydu-molinari-sandra\/' aria-hidden='true' data-av_icon='\ue80a' data-av_iconfont='entypo-fontello'><\/a><\/div><\/div><\/div><h3 class='team-member-name'    itemprop=\"name\" >Laydu Molinari Sandra<\/h3><div class='team-member-job-title '   itemprop=\"jobTitle\" >Notaire chez <strong><a href=\"https:\/\/www.swisnot.ch\/de\/etudes_notaires\/acta-notaires-associes-montreux\/\" target=\"_blank\">ACTA Notaries Associ\u00e9s Montreux<\/a><\/strong> (VD-DE)<\/div><span class='hidden team-member-affiliation'  itemprop=\"affiliation\" >swisNot - Le r\u00e9seau notarial suisse<\/span><\/section><br \/>\n\n<style type=\"text\/css\" data-created_by=\"avia_inline_auto\" id=\"style-css-av-l8ucacn1-eb7db529f2567ec833edb122ea4ed2f7\">\n#top .av-special-heading.av-l8ucacn1-eb7db529f2567ec833edb122ea4ed2f7{\npadding-bottom:0;\ncolor:#98012e;\n}\nbody .av-special-heading.av-l8ucacn1-eb7db529f2567ec833edb122ea4ed2f7 .av-special-heading-tag .heading-char{\nfont-size:25px;\n}\n.av-special-heading.av-l8ucacn1-eb7db529f2567ec833edb122ea4ed2f7 .special-heading-inner-border{\nborder-color:#98012e;\n}\n.av-special-heading.av-l8ucacn1-eb7db529f2567ec833edb122ea4ed2f7 .av-subheading{\nfont-size:15px;\n}\n<\/style>\n<div  class='av-special-heading av-l8ucacn1-eb7db529f2567ec833edb122ea4ed2f7 av-special-heading-h3 custom-color-heading blockquote modern-quote  avia-builder-el-7  el_after_trs_notaire_author  el_before_av_iconlist  av-linked-heading'><h3 class='av-special-heading-tag '  itemprop=\"headline\"  >Bon \u00e0 savoir<\/h3><div class=\"special-heading-border\"><div class=\"special-heading-inner-border\"><\/div><\/div><\/div><br \/>\n\n<style type=\"text\/css\" data-created_by=\"avia_inline_auto\" id=\"style-css-av-e0x9vf-480bff5f275af4e93828dcdb1bf33574\">\n#top .avia-icon-list-container.av-e0x9vf-480bff5f275af4e93828dcdb1bf33574 .iconlist_icon{\ncolor:#b02b2c;\nfont-size:16px;\n}\n#top .avia-icon-list-container.av-e0x9vf-480bff5f275af4e93828dcdb1bf33574 .iconlist_icon svg:first-child{\nstroke:#b02b2c;\nfill:#b02b2c;\nheight:16px;\nwidth:16px;\n}\n#top #wrap_all .avia-icon-list-container.av-e0x9vf-480bff5f275af4e93828dcdb1bf33574 .av_iconlist_title{\nfont-size:16px;\n}\n<\/style>\n<div  class='avia-icon-list-container av-e0x9vf-480bff5f275af4e93828dcdb1bf33574  avia-builder-el-8  el_after_av_heading  el_before_av_button '><ul class='avia-icon-list avia_animate_when_almost_visible avia-icon-list-left av-iconlist-small av-e0x9vf-480bff5f275af4e93828dcdb1bf33574 avia-iconlist-animate'>\n<li><div class='iconlist_icon av-chne2j-8ef41c13f691604fadb29dba961a32e0 avia-font-entypo-fontello avia-iconfont avia-font-entypo-fontello'><span class='av-icon-char' data-av_icon='\ue812' data-av_iconfont='entypo-fontello' aria-hidden=\"true\"><\/span><\/div><article class=\"article-icon-entry \"  itemscope=\"itemscope\" itemtype=\"https:\/\/schema.org\/CreativeWork\" ><div class=\"iconlist_content_wrap\"><header class=\"entry-content-header\" aria-label=\"Icon: \"><\/header><div class='iconlist_content '  itemprop=\"text\" ><p style=\"text-align: justify;\">L&#8217;avantage du mandat est de pouvoir choisir soi-m\u00eame son mandataire.<\/p>\n<\/div><\/div><footer class=\"entry-footer\"><\/footer><\/article><div class=\"iconlist-timeline\"><\/div><\/li>\n<li><div class='iconlist_icon av-avgwu3-79fb185c60a619756ffa3823bb336dda avia-font-entypo-fontello avia-iconfont avia-font-entypo-fontello'><span class='av-icon-char' data-av_icon='\ue812' data-av_iconfont='entypo-fontello' aria-hidden=\"true\"><\/span><\/div><article class=\"article-icon-entry \"  itemscope=\"itemscope\" itemtype=\"https:\/\/schema.org\/CreativeWork\" ><div class=\"iconlist_content_wrap\"><header class=\"entry-content-header\" aria-label=\"Icon: \"><\/header><div class='iconlist_content '  itemprop=\"text\" ><p>Attention, il faut r\u00e9diger le mandat de mani\u00e8re manuscrite, sans oublier de le dater et de le signer.<\/p>\n<\/div><\/div><footer class=\"entry-footer\"><\/footer><\/article><div class=\"iconlist-timeline\"><\/div><\/li>\n<li><div class='iconlist_icon av-8u60u3-09f75a813ba837f2acd77418ddadaf43 avia-font-entypo-fontello avia-iconfont avia-font-entypo-fontello'><span class='av-icon-char' data-av_icon='\ue812' data-av_iconfont='entypo-fontello' aria-hidden=\"true\"><\/span><\/div><article class=\"article-icon-entry \"  itemscope=\"itemscope\" itemtype=\"https:\/\/schema.org\/CreativeWork\" ><div class=\"iconlist_content_wrap\"><header class=\"entry-content-header\" aria-label=\"Icon: \"><\/header><div class='iconlist_content '  itemprop=\"text\" ><p>Il est aussi possible de signer le mandat devant un notaire.<\/p>\n<\/div><\/div><footer class=\"entry-footer\"><\/footer><\/article><div class=\"iconlist-timeline\"><\/div><\/li>\n<li><div class='iconlist_icon av-8u60u3-09f75a813ba837f2acd77418ddadaf43 avia-font-entypo-fontello avia-iconfont avia-font-entypo-fontello'><span class='av-icon-char' data-av_icon='\ue812' data-av_iconfont='entypo-fontello' aria-hidden=\"true\"><\/span><\/div><article class=\"article-icon-entry \"  itemscope=\"itemscope\" itemtype=\"https:\/\/schema.org\/CreativeWork\" ><div class=\"iconlist_content_wrap\"><header class=\"entry-content-header\" aria-label=\"Icon: \"><\/header><div class='iconlist_content '  itemprop=\"text\" ><p>En cas d&#8217;inaptitude et en l&#8217;absence d&#8217;un mandat, c&#8217;est l&#8217;Etat qui d\u00e9signera un curateur.<\/p>\n<\/div><\/div><footer class=\"entry-footer\"><\/footer><\/article><div class=\"iconlist-timeline\"><\/div><\/li>\n<\/ul><\/div><br \/>\n<div  class='avia-button-wrap av-l8uc7rha-7845933da3b348a35e4745f743dfd5e1-wrap avia-button-center  avia-builder-el-9  el_after_av_iconlist  el_before_av_heading  trs-pdf-button'><a href='https:\/\/www.swisnot.ch\/wp\/wp-content\/uploads\/2022\/10\/Le_mandat_pour_cause_dinaptitude.pdf'  class='avia-button av-l8uc7rha-7845933da3b348a35e4745f743dfd5e1 av-link-btn avia-icon_select-yes-left-icon avia-size-medium avia-position-center avia-color-theme-color'  target=\"_blank\"  rel=\"noopener noreferrer\"  aria-label=\" Article (PDF)\"><span class='avia_button_icon avia_button_icon_left avia-iconfont avia-font-entypo-fontello' data-av_icon='\ue84d' data-av_iconfont='entypo-fontello' ><\/span><span class='avia_iconbox_title' > Article (PDF)<\/span><\/a><\/div><br \/>\n\n<style type=\"text\/css\" data-created_by=\"avia_inline_auto\" id=\"style-css-av-78u6zv-ab16fedadcebb5426c0e0a0ee7912935\">\n#top .av-special-heading.av-78u6zv-ab16fedadcebb5426c0e0a0ee7912935{\nmargin:10px 0 0 0;\npadding-bottom:10px;\n}\nbody .av-special-heading.av-78u6zv-ab16fedadcebb5426c0e0a0ee7912935 .av-special-heading-tag .heading-char{\nfont-size:25px;\n}\n.av-special-heading.av-78u6zv-ab16fedadcebb5426c0e0a0ee7912935 .av-subheading{\nfont-size:15px;\n}\n<\/style>\n<div  class='av-special-heading av-78u6zv-ab16fedadcebb5426c0e0a0ee7912935 av-special-heading-h6 meta-heading blockquote modern-quote modern-centered  avia-builder-el-10  el_after_av_button  avia-builder-el-last '><h6 class='av-special-heading-tag '  itemprop=\"headline\"  >Publi\u00e9 dans le magazine g\u00e9n\u00e9rations par les notaires de swisNot<\/h6><div class=\"special-heading-border\"><div class=\"special-heading-inner-border\"><\/div><\/div><\/div><\/p><\/div><\/div><\/div><\/main><!-- close content main element --><\/div><\/div><div id='av_section_2'  class='avia-section av-5597qz-31c970c71e4a5e6059e53ac43d46706c main_color avia-section-default avia-no-border-styling  avia-builder-el-11  el_after_av_section  avia-builder-el-last  avia-bg-style-scroll container_wrap fullsize'  ><div class='container av-section-cont-open' ><div class='template-page content  av-content-full alpha units'><div class='post-entry post-entry-type-page post-entry-8907'><div class='entry-content-wrapper clearfix'>\n\n<style type=\"text\/css\" data-created_by=\"avia_inline_auto\" id=\"style-css-av-f0ygr-ec3077ebfe6bf3e8af3768ab829667de\">\n#top .av-special-heading.av-f0ygr-ec3077ebfe6bf3e8af3768ab829667de{\npadding-bottom:10px;\n}\nbody .av-special-heading.av-f0ygr-ec3077ebfe6bf3e8af3768ab829667de .av-special-heading-tag .heading-char{\nfont-size:25px;\n}\n.av-special-heading.av-f0ygr-ec3077ebfe6bf3e8af3768ab829667de .av-subheading{\nfont-size:15px;\n}\n<\/style>\n<div  class='av-special-heading av-f0ygr-ec3077ebfe6bf3e8af3768ab829667de av-special-heading-h3 blockquote modern-quote  avia-builder-el-12  el_before_av_masonry_entries  avia-builder-el-no-sibling  trs-special-underline'><h3 class='av-special-heading-tag '  itemprop=\"headline\"  >Plus d\u2019actualit\u00e9s swisNot <\/h3><div class=\"special-heading-border\"><div class=\"special-heading-inner-border\"><\/div><\/div><\/div>\n<div id='av-masonry-1' class='av-masonry av-25y9e3-ff84d34539c6b8293862c04f9db0b7d9 noHover av-fixed-size av-large-gap av-hover-overlay-active av-masonry-animation-active av-masonry-col-flexible av-caption-always av-caption-style- av-masonry-entries ' data-post_id=\"8907\"><div class=\"av-masonry-container isotope av-js-disabled\"><div class='av-masonry-entry isotope-item av-masonry-item-no-image all_sort'><\/div><a href=\"https:\/\/www.swisnot.ch\/de\/actualites\/revision-du-droit-des-successions\/\"  id='av-masonry-1-item-7888' data-av-masonry-item='7888' class='av-masonry-entry isotope-item post-7888 actualites type-actualites status-publish hentry all_sort av-masonry-item-no-image' title=\"R\u00e9vision du droit des successions\"   itemscope=\"itemscope\" itemtype=\"https:\/\/schema.org\/CreativeWork\" ><div class='av-inner-masonry-sizer'><\/div><figure class='av-inner-masonry main_color'><figcaption class='av-inner-masonry-content site-background'><div class='av-inner-masonry-content-pos'><div class='av-inner-masonry-content-pos-content'><div class='avia-arrow'><\/div><h3 class='av-masonry-entry-title entry-title '  itemprop=\"headline\" >R\u00e9vision du droit des successions<\/h3><\/div><\/div><\/figcaption><\/figure><\/a><!--end av-masonry entry--><a href=\"https:\/\/www.swisnot.ch\/de\/actualites\/le-casse-tete-de-la-succession-dans-les-familles-recomposees\/\"  id='av-masonry-1-item-9834' data-av-masonry-item='9834' class='av-masonry-entry isotope-item post-9834 actualites type-actualites status-publish hentry all_sort av-masonry-item-no-image' title=\"Le casse-t\u00eate de la succession dans les familles recompos\u00e9es\"   itemscope=\"itemscope\" itemtype=\"https:\/\/schema.org\/CreativeWork\" ><div class='av-inner-masonry-sizer'><\/div><figure class='av-inner-masonry main_color'><figcaption class='av-inner-masonry-content site-background'><div class='av-inner-masonry-content-pos'><div class='av-inner-masonry-content-pos-content'><div class='avia-arrow'><\/div><h3 class='av-masonry-entry-title entry-title '  itemprop=\"headline\" >Le casse-t\u00eate de la succession dans les familles recompos\u00e9es<\/h3><\/div><\/div><\/figcaption><\/figure><\/a><!--end av-masonry entry--><a href=\"https:\/\/www.swisnot.ch\/de\/actualites\/la-procuration-ne-suffit-pas-toujours\/\"  id='av-masonry-1-item-9826' data-av-masonry-item='9826' class='av-masonry-entry isotope-item post-9826 actualites type-actualites status-publish hentry all_sort av-masonry-item-no-image' title=\"La procuration ne suffit pas toujours\"   itemscope=\"itemscope\" itemtype=\"https:\/\/schema.org\/CreativeWork\" ><div class='av-inner-masonry-sizer'><\/div><figure class='av-inner-masonry main_color'><figcaption class='av-inner-masonry-content site-background'><div class='av-inner-masonry-content-pos'><div class='av-inner-masonry-content-pos-content'><div class='avia-arrow'><\/div><h3 class='av-masonry-entry-title entry-title '  itemprop=\"headline\" >La procuration ne suffit pas toujours<\/h3><\/div><\/div><\/figcaption><\/figure><\/a><!--end av-masonry entry--><a href=\"https:\/\/www.swisnot.ch\/de\/actualites\/donations-un-geste-a-double-tranchant\/\"  id='av-masonry-1-item-9821' data-av-masonry-item='9821' class='av-masonry-entry isotope-item post-9821 actualites type-actualites status-publish hentry all_sort av-masonry-item-no-image' title=\"Donations, un geste \u00e0 double tranchant\"   itemscope=\"itemscope\" itemtype=\"https:\/\/schema.org\/CreativeWork\" ><div class='av-inner-masonry-sizer'><\/div><figure class='av-inner-masonry main_color'><figcaption class='av-inner-masonry-content site-background'><div class='av-inner-masonry-content-pos'><div class='av-inner-masonry-content-pos-content'><div class='avia-arrow'><\/div><h3 class='av-masonry-entry-title entry-title '  itemprop=\"headline\" >Donations, un geste \u00e0 double tranchant<\/h3><\/div><\/div><\/figcaption><\/figure><\/a><!--end av-masonry entry--><a href=\"https:\/\/www.swisnot.ch\/de\/actualites\/et-si-vous-netiez-plus-en-mesure-de-decider\/\"  id='av-masonry-1-item-9804' data-av-masonry-item='9804' class='av-masonry-entry isotope-item post-9804 actualites type-actualites status-publish hentry all_sort av-masonry-item-no-image' title=\"Et si vous n\u2019\u00e9tiez plus en mesure de d\u00e9cider ?\"   itemscope=\"itemscope\" itemtype=\"https:\/\/schema.org\/CreativeWork\" ><div class='av-inner-masonry-sizer'><\/div><figure class='av-inner-masonry main_color'><figcaption class='av-inner-masonry-content site-background'><div class='av-inner-masonry-content-pos'><div class='av-inner-masonry-content-pos-content'><div class='avia-arrow'><\/div><h3 class='av-masonry-entry-title entry-title '  itemprop=\"headline\" >Et si vous n\u2019\u00e9tiez plus en mesure de d\u00e9cider ?<\/h3><\/div><\/div><\/figcaption><\/figure><\/a><!--end av-masonry entry--><a href=\"https:\/\/www.swisnot.ch\/de\/actualites\/preter-de-largent-a-ses-enfants\/\"  id='av-masonry-1-item-9777' data-av-masonry-item='9777' class='av-masonry-entry isotope-item post-9777 actualites type-actualites status-publish hentry all_sort av-masonry-item-no-image' title=\"Pr\u00eater de l\u2019argent \u00e0 ses enfants ?\"   itemscope=\"itemscope\" itemtype=\"https:\/\/schema.org\/CreativeWork\" ><div class='av-inner-masonry-sizer'><\/div><figure class='av-inner-masonry main_color'><figcaption class='av-inner-masonry-content site-background'><div class='av-inner-masonry-content-pos'><div class='av-inner-masonry-content-pos-content'><div class='avia-arrow'><\/div><h3 class='av-masonry-entry-title entry-title '  itemprop=\"headline\" >Pr\u00eater de l\u2019argent \u00e0 ses enfants ?<\/h3><\/div><\/div><\/figcaption><\/figure><\/a><!--end av-masonry entry--><\/div><a class='av-masonry-pagination av-masonry-load-more' href='#load-more'  data-post_type='actualites'  data-link='category, 15'  data-term_rel='IN'  data-wc_prod_visible=''  data-wc_prod_hidden='hide'  data-wc_prod_featured=''  data-wc_prod_sale=''  data-prod_order_by=''  data-prod_order=''  data-date_filter=''  data-date_filter_start=''  data-date_filter_end=''  data-date_filter_format='yy\/mm\/dd'  data-period_filter_unit_1=''  data-period_filter_unit_2=''  data-page_element_filter=''  data-sort='yes'  data-query_orderby='date'  data-query_order='DESC'  data-caption_elements='title'  data-caption_styling=''  data-caption_display='always'  data-img_copyright=''  data-size='fixed masonry'  data-orientation=''  data-image_size='masonry'  data-gap='large'  data-columns='flexible'  data-av-desktop-columns=''  data-av-medium-columns=''  data-av-small-columns=''  data-av-mini-columns=''  data-items='6'  data-paginate='load_more'  data-color=''  data-custom_bg=''  data-img_copyright_font=''  data-av-desktop-font-img_copyright_font=''  data-av-medium-font-img_copyright_font=''  data-av-small-font-img_copyright_font=''  data-av-mini-font-img_copyright_font=''  data-img_copyright_color=''  data-img_copyright_bg=''  data-animation='active'  data-animation_duration=''  data-animation_custom_bg_color=''  data-animation_custom_bg_color_multi_list=''  data-animation_z_index_curtain='100'  data-overlay_fx='active'  data-img_scrset=''  data-lazy_loading='disabled'  data-av-desktop-hide=''  data-av-medium-hide=''  data-av-small-hide=''  data-av-mini-hide=''  data-alb_description=''  data-id=''  data-custom_class=''  data-template_class=''  data-av_uid='av-25y9e3'  data-sc_version='1.0'  data-ids=''  data-action=''  data-offset='0'  data-container_links='active'  data-link_dest=''  data-lightbox_text=''  data-container_class='av-masonry-entries'  data-auto_ratio='1.7'  data-set_breadcrumb='1'  data-custom_markup=''  data-taxonomy='category'  data-categories=''  data-avno='5d6846af42'>Mehr laden<\/a><\/div>\n<\/p>\n","protected":false},"excerpt":{"rendered":"<p>Qu\u2019est ce qui se cache derri\u00e8re ce terme compliqu\u00e9 ?<\/p>\n","protected":false},"menu_order":0,"template":"","meta":{"_acf_changed":false,"footnotes":""},"categories":[15],"class_list":["post-8907","actualites","type-actualites","status-publish","hentry","category-news"],"acf":[],"yoast_head":"<!-- This site is optimized with the Yoast SEO plugin v24.9 - https:\/\/yoast.com\/wordpress\/plugins\/seo\/ -->\n<title>Le mandat pour cause d\u2019inaptitude - swisNot - Le r\u00e9seau notarial suisse<\/title>\n<meta name=\"description\" content=\"swisNot, le r\u00e9seau notarial suisse, votre partenaire en mati\u00e8re juridique et fiscale\" \/>\n<meta name=\"robots\" content=\"index, follow, max-snippet:-1, max-image-preview:large, max-video-preview:-1\" \/>\n<link rel=\"canonical\" href=\"https:\/\/www.swisnot.ch\/de\/actualites\/le-mandat-pour-cause-dinaptitude\/\" \/>\n<meta property=\"og:locale\" content=\"de_DE\" \/>\n<meta property=\"og:type\" content=\"article\" \/>\n<meta property=\"og:title\" content=\"Le mandat pour cause d\u2019inaptitude - swisNot - Le r\u00e9seau notarial suisse\" \/>\n<meta property=\"og:description\" content=\"swisNot, le r\u00e9seau notarial suisse, votre partenaire en mati\u00e8re juridique et fiscale\" \/>\n<meta property=\"og:url\" content=\"https:\/\/www.swisnot.ch\/de\/actualites\/le-mandat-pour-cause-dinaptitude\/\" \/>\n<meta property=\"og:site_name\" content=\"swisNot - Le r\u00e9seau notarial suisse\" \/>\n<meta property=\"article:modified_time\" content=\"2022-11-22T08:10:40+00:00\" \/>\n<meta name=\"twitter:card\" content=\"summary_large_image\" \/>\n<meta name=\"twitter:label1\" content=\"Est. reading time\" \/>\n\t<meta name=\"twitter:data1\" content=\"11 minutes\" \/>\n<script type=\"application\/ld+json\" class=\"yoast-schema-graph\">{\"@context\":\"https:\/\/schema.org\",\"@graph\":[{\"@type\":\"WebPage\",\"@id\":\"https:\/\/www.swisnot.ch\/de\/actualites\/le-mandat-pour-cause-dinaptitude\/\",\"url\":\"https:\/\/www.swisnot.ch\/de\/actualites\/le-mandat-pour-cause-dinaptitude\/\",\"name\":\"Le mandat pour cause d\u2019inaptitude - swisNot - Le r\u00e9seau notarial suisse\",\"isPartOf\":{\"@id\":\"https:\/\/www.swisnot.ch\/de\/#website\"},\"datePublished\":\"2022-10-04T15:15:47+00:00\",\"dateModified\":\"2022-11-22T08:10:40+00:00\",\"description\":\"swisNot, le r\u00e9seau notarial suisse, votre partenaire en mati\u00e8re juridique et fiscale\",\"breadcrumb\":{\"@id\":\"https:\/\/www.swisnot.ch\/de\/actualites\/le-mandat-pour-cause-dinaptitude\/#breadcrumb\"},\"inLanguage\":\"de-DE\",\"potentialAction\":[{\"@type\":\"ReadAction\",\"target\":[\"https:\/\/www.swisnot.ch\/de\/actualites\/le-mandat-pour-cause-dinaptitude\/\"]}]},{\"@type\":\"BreadcrumbList\",\"@id\":\"https:\/\/www.swisnot.ch\/de\/actualites\/le-mandat-pour-cause-dinaptitude\/#breadcrumb\",\"itemListElement\":[{\"@type\":\"ListItem\",\"position\":1,\"name\":\"Accueil\",\"item\":\"https:\/\/www.swisnot.ch\/de\/home\/\"},{\"@type\":\"ListItem\",\"position\":2,\"name\":\"Le mandat pour cause d\u2019inaptitude\"}]},{\"@type\":\"WebSite\",\"@id\":\"https:\/\/www.swisnot.ch\/de\/#website\",\"url\":\"https:\/\/www.swisnot.ch\/de\/\",\"name\":\"swisNot - Le r\u00e9seau notarial suisse\",\"description\":\"Votre partenaire en mati\u00e8re juridique et fiscale\",\"potentialAction\":[{\"@type\":\"SearchAction\",\"target\":{\"@type\":\"EntryPoint\",\"urlTemplate\":\"https:\/\/www.swisnot.ch\/de\/?s={search_term_string}\"},\"query-input\":{\"@type\":\"PropertyValueSpecification\",\"valueRequired\":true,\"valueName\":\"search_term_string\"}}],\"inLanguage\":\"de-DE\"}]}<\/script>\n<!-- \/ Yoast SEO plugin. -->","yoast_head_json":{"title":"Le mandat pour cause d\u2019inaptitude - swisNot - Le r\u00e9seau notarial suisse","description":"swisNot, le r\u00e9seau notarial suisse, votre partenaire en mati\u00e8re juridique et fiscale","robots":{"index":"index","follow":"follow","max-snippet":"max-snippet:-1","max-image-preview":"max-image-preview:large","max-video-preview":"max-video-preview:-1"},"canonical":"https:\/\/www.swisnot.ch\/de\/actualites\/le-mandat-pour-cause-dinaptitude\/","og_locale":"de_DE","og_type":"article","og_title":"Le mandat pour cause d\u2019inaptitude - swisNot - Le r\u00e9seau notarial suisse","og_description":"swisNot, le r\u00e9seau notarial suisse, votre partenaire en mati\u00e8re juridique et fiscale","og_url":"https:\/\/www.swisnot.ch\/de\/actualites\/le-mandat-pour-cause-dinaptitude\/","og_site_name":"swisNot - Le r\u00e9seau notarial suisse","article_modified_time":"2022-11-22T08:10:40+00:00","twitter_card":"summary_large_image","twitter_misc":{"Est. reading time":"11 minutes"},"schema":{"@context":"https:\/\/schema.org","@graph":[{"@type":"WebPage","@id":"https:\/\/www.swisnot.ch\/de\/actualites\/le-mandat-pour-cause-dinaptitude\/","url":"https:\/\/www.swisnot.ch\/de\/actualites\/le-mandat-pour-cause-dinaptitude\/","name":"Le mandat pour cause d\u2019inaptitude - swisNot - Le r\u00e9seau notarial suisse","isPartOf":{"@id":"https:\/\/www.swisnot.ch\/de\/#website"},"datePublished":"2022-10-04T15:15:47+00:00","dateModified":"2022-11-22T08:10:40+00:00","description":"swisNot, le r\u00e9seau notarial suisse, votre partenaire en mati\u00e8re juridique et fiscale","breadcrumb":{"@id":"https:\/\/www.swisnot.ch\/de\/actualites\/le-mandat-pour-cause-dinaptitude\/#breadcrumb"},"inLanguage":"de-DE","potentialAction":[{"@type":"ReadAction","target":["https:\/\/www.swisnot.ch\/de\/actualites\/le-mandat-pour-cause-dinaptitude\/"]}]},{"@type":"BreadcrumbList","@id":"https:\/\/www.swisnot.ch\/de\/actualites\/le-mandat-pour-cause-dinaptitude\/#breadcrumb","itemListElement":[{"@type":"ListItem","position":1,"name":"Accueil","item":"https:\/\/www.swisnot.ch\/de\/home\/"},{"@type":"ListItem","position":2,"name":"Le mandat pour cause d\u2019inaptitude"}]},{"@type":"WebSite","@id":"https:\/\/www.swisnot.ch\/de\/#website","url":"https:\/\/www.swisnot.ch\/de\/","name":"swisNot - Le r\u00e9seau notarial suisse","description":"Votre partenaire en mati\u00e8re juridique et fiscale","potentialAction":[{"@type":"SearchAction","target":{"@type":"EntryPoint","urlTemplate":"https:\/\/www.swisnot.ch\/de\/?s={search_term_string}"},"query-input":{"@type":"PropertyValueSpecification","valueRequired":true,"valueName":"search_term_string"}}],"inLanguage":"de-DE"}]}},"_links":{"self":[{"href":"https:\/\/www.swisnot.ch\/de\/wp-json\/wp\/v2\/actualites\/8907","targetHints":{"allow":["GET"]}}],"collection":[{"href":"https:\/\/www.swisnot.ch\/de\/wp-json\/wp\/v2\/actualites"}],"about":[{"href":"https:\/\/www.swisnot.ch\/de\/wp-json\/wp\/v2\/types\/actualites"}],"version-history":[{"count":4,"href":"https:\/\/www.swisnot.ch\/de\/wp-json\/wp\/v2\/actualites\/8907\/revisions"}],"predecessor-version":[{"id":8989,"href":"https:\/\/www.swisnot.ch\/de\/wp-json\/wp\/v2\/actualites\/8907\/revisions\/8989"}],"wp:attachment":[{"href":"https:\/\/www.swisnot.ch\/de\/wp-json\/wp\/v2\/media?parent=8907"}],"wp:term":[{"taxonomy":"category","embeddable":true,"href":"https:\/\/www.swisnot.ch\/de\/wp-json\/wp\/v2\/categories?post=8907"}],"curies":[{"name":"wp","href":"https:\/\/api.w.org\/{rel}","templated":true}]}}