{"id":7466,"date":"2021-06-05T10:59:24","date_gmt":"2021-06-05T09:59:24","guid":{"rendered":"https:\/\/swisnot.trisdemo.ch\/?post_type=actualites&#038;p=7466"},"modified":"2021-11-22T14:44:32","modified_gmt":"2021-11-22T13:44:32","slug":"vais-je-donner-ma-maison-a-mon-fils-de-mon-vivant","status":"publish","type":"actualites","link":"https:\/\/www.swisnot.ch\/de\/actualites\/vais-je-donner-ma-maison-a-mon-fils-de-mon-vivant\/","title":{"rendered":"Vais-je donner ma maison \u00e0 mon fils de mon vivant ?"},"content":{"rendered":"<div id='av_section_1'  class='avia-section av-f6qauy-5dac9294dff5f40b28352ae8f7a2a9a0 main_color avia-section-default avia-no-border-styling  avia-builder-el-0  el_before_av_section  avia-builder-el-first  avia-bg-style-scroll container_wrap fullsize'  ><div class='container av-section-cont-open' ><main  role=\"main\" itemprop=\"mainContentOfPage\"  class='template-page content  av-content-full alpha units'><div class='post-entry post-entry-type-page post-entry-7466'><div class='entry-content-wrapper clearfix'>\n\n<style type=\"text\/css\" data-created_by=\"avia_inline_auto\" id=\"style-css-av-kpjl24e8-e6f36933e36a4a150d48be05577f0993\">\n#top .av-special-heading.av-kpjl24e8-e6f36933e36a4a150d48be05577f0993{\npadding-bottom:10px;\nfont-size:36px;\n}\nbody .av-special-heading.av-kpjl24e8-e6f36933e36a4a150d48be05577f0993 .av-special-heading-tag .heading-char{\nfont-size:25px;\n}\n#top #wrap_all .av-special-heading.av-kpjl24e8-e6f36933e36a4a150d48be05577f0993 .av-special-heading-tag{\nfont-size:36px;\n}\n.av-special-heading.av-kpjl24e8-e6f36933e36a4a150d48be05577f0993 .av-subheading{\nfont-size:15px;\n}\n\n@media only screen and (min-width: 480px) and (max-width: 767px){ \n#top #wrap_all .av-special-heading.av-kpjl24e8-e6f36933e36a4a150d48be05577f0993 .av-special-heading-tag{\nfont-size:0.8em;\n}\n}\n\n@media only screen and (max-width: 479px){ \n#top #wrap_all .av-special-heading.av-kpjl24e8-e6f36933e36a4a150d48be05577f0993 .av-special-heading-tag{\nfont-size:0.8em;\n}\n}\n<\/style>\n<div  class='av-special-heading av-kpjl24e8-e6f36933e36a4a150d48be05577f0993 av-special-heading-h1 blockquote modern-quote  avia-builder-el-1  el_before_av_two_third  avia-builder-el-first  av-inherit-size av-linked-heading'><h1 class='av-special-heading-tag '  itemprop=\"headline\"  >Vais-je donner ma maison \u00e0 mon fils de mon vivant ?<\/h1><div class=\"special-heading-border\"><div class=\"special-heading-inner-border\"><\/div><\/div><\/div>\n\n<style type=\"text\/css\" data-created_by=\"avia_inline_auto\" id=\"style-css-av-e0a3fe-899a37ce59209fb044155a75abd94bb7\">\n.flex_column.av-e0a3fe-899a37ce59209fb044155a75abd94bb7{\nborder-radius:0px 0px 0px 0px;\npadding:0px 0px 0px 0px;\n}\n<\/style>\n<div  class='flex_column av-e0a3fe-899a37ce59209fb044155a75abd94bb7 av_two_third  avia-builder-el-2  el_after_av_heading  el_before_av_one_fourth  first flex_column_div av-zero-column-padding  '     ><p>\n<style type=\"text\/css\" data-created_by=\"avia_inline_auto\" id=\"style-css-av-kpjl2gzc-56e284ee02a2b144848002376da00b18\">\n#top .av-special-heading.av-kpjl2gzc-56e284ee02a2b144848002376da00b18{\npadding-bottom:10px;\n}\nbody .av-special-heading.av-kpjl2gzc-56e284ee02a2b144848002376da00b18 .av-special-heading-tag .heading-char{\nfont-size:25px;\n}\n.av-special-heading.av-kpjl2gzc-56e284ee02a2b144848002376da00b18 .av-subheading{\nfont-size:15px;\n}\n<\/style>\n<div  class='av-special-heading av-kpjl2gzc-56e284ee02a2b144848002376da00b18 av-special-heading-h2 blockquote modern-quote  avia-builder-el-3  el_before_av_textblock  avia-builder-el-first  av-linked-heading'><h2 class='av-special-heading-tag '  itemprop=\"headline\"  >Ag\u00e9 de 66 ans, j\u2019ai un fils unique et je suis divorc\u00e9. Est-ce une bonne id\u00e9e de lui transmettre mon bien ?<\/h2><div class=\"special-heading-border\"><div class=\"special-heading-inner-border\"><\/div><\/div><\/div><br \/>\n<section  class='av_textblock_section av-kpjl33tf-f626954d9d691f05dd85e76cd636b6e5 '   itemscope=\"itemscope\" itemtype=\"https:\/\/schema.org\/CreativeWork\" ><div class='avia_textblock'  itemprop=\"text\" ><p style=\"text-align: justify;\">Concr\u00e8tement, je per\u00e7ois annuellement des rentes AVS et LPP de 46000 fr. Quant \u00e0 ma maison, elle a une valeur officielle de 500000 fr. et est grev\u00e9e d\u2019une dette hypoth\u00e9caire de 300000 fr. Je ne connais pas sa valeur v\u00e9nale. Enfin, j\u2019ai environ 50000 fr. d\u2019\u00e9conomies. Au vu de ces chiffres, puis-je transmettre la propri\u00e9t\u00e9 de ma maison \u00e0 mon fils? Quelles seront les cons\u00e9quences de ce transfert dans l\u2019hypoth\u00e8se o\u00f9 je dois s\u00e9journer dans un \u00e9tablissement m\u00e9dicosocial (EMS)?<\/p>\n<p style=\"text-align: justify;\"><strong>L\u2019AVIS DU NOTAIRE<\/strong><\/p>\n<p style=\"text-align: justify;\">Mon notaire m\u2019a conseill\u00e9 de faire un budget de mes d\u00e9penses courantes et \u00e0 venir, avant de prendre toute d\u00e9cision. En effet, il m\u2019a pr\u00e9cis\u00e9 que la diff\u00e9rence entre la valeur de la maison et la dette hypoth\u00e9caire constitue un dessaisissement volontaire qui est amorti, dans le cadre du calcul du droit aux prestations compl\u00e9mentaires, de 10 000 fr. par ann\u00e9e d\u00e8s le 1er janvier de la deuxi\u00e8me ann\u00e9e qui suit la donation (mais uniquement d\u00e8s le 1er janvier 1990). Pour le calcul du droit aux PC, le notaire m\u2019a dit que la fortune prise en compte doit \u00eatre \u00e9valu\u00e9e selon les r\u00e8gles de la l\u00e9gislation sur l\u2019imp\u00f4t cantonal direct du canton de domicile.<\/p>\n<p style=\"text-align: justify;\">Si la maison ne sert pas d\u2019habitation au demandeur de PC, elle sera prise en compte \u00e0 la valeur v\u00e9nale. En cas de dessaisissement d\u2019un immeuble, \u00e0 titre on\u00e9reux ou gratuit, d\u00e9terminante est la valeur v\u00e9nale pour savoir s\u2019il y a renonciation \u00e0 des parts de fortune au sens de l\u2019art. 3c al. 1 let. g LPC. La valeur v\u00e9nale n\u2019est pas applicable si, l\u00e9galement, il existe un droit d\u2019acqu\u00e9rir l\u2019immeuble \u00e0 une valeur inf\u00e9rieure. Dans mon cas jurassien, c\u2019est la valeur officielle qui sera retenue comme base de calcul.<\/p>\n<p style=\"text-align: justify;\">Partant, la prise en compte de ma donation par les autorit\u00e9s charg\u00e9es de rendre une d\u00e9cision de prestations compl\u00e9mentaires pourrait me priver de l\u2019aide financi\u00e8re de l\u2019Etat pour mes charges. En cas de refus de prestations compl\u00e9mentaires, le home pourra se retourner contre mon fils en vertu de l\u2019obligation l\u00e9gale des parents (art. 328 et 329 du Code civil suisse) selon ses revenus et sa fortune et je devrais alors moi-m\u00eame intenter une action (alimentaire) contre mon fils. CALCUL CONCRET<\/p>\n<p style=\"text-align: justify;\"><strong>DANS CINQ ANS SI JE S\u00c9JOURNE DANS UN HOME<\/strong><\/p>\n<p style=\"text-align: justify;\">Dessaisissement : de la valeur officielle de ma maison (500 000 fr.), je dois d\u00e9duire la valeur de la dette (300 000 fr.) et l\u2019amortissement l\u00e9gal OPC sur cinq ans (50 000 fr.). Donc le dessaisissement est de 150 000 fr.<\/p>\n<p style=\"text-align: justify;\">Alors que j\u2019aurai des revenus annuels effectifs de 46 000 fr. et des d\u00e9penses effectives de plus de 54 880 fr., je n\u2019aurai pas droit aux PC du fait de la donation de la maison.<\/p>\n<p style=\"text-align: justify;\"><strong>ALTERNATIVE<\/strong><\/p>\n<p style=\"text-align: justify;\">Autres solutions, un usufruit ou droit d\u2019habitation ? La r\u00e9ponse a aussi des cons\u00e9quences sur le calcul des PC. Lors d\u2019un dessaisissement d\u2019immeuble moyennant l\u2019octroi d\u2019un usufruit ou d\u2019un droit d\u2019habitation, la valeur capitalis\u00e9e annuelle du droit d\u2019habitation ou de l\u2019usufruit fait partie de la contre-prestation. La valeur annuelle correspond \u00e0 la valeur du loyer, apr\u00e8s d\u00e9duction des co\u00fbts qui incombent effectivement au b\u00e9n\u00e9ficiaire de PC dans l\u2019exercice de l\u2019usufruit ou du droit d\u2019habitation. Pour obtenir la valeur du loyer, on part du montant que la location de l\u2019immeuble pourrait effectivement rapporter, \u00e0 savoir un loyer conforme aux normes du march\u00e9. La question m\u00e9rite donc une analyse fouill\u00e9e qui fera l\u2019objet d\u2019un article ad hoc subs\u00e9quent.<\/p>\n<p style=\"text-align: justify;\"><strong>CONCLUSION<\/strong><\/p>\n<p style=\"text-align: justify;\">En attendant, la conclusion est la suivante : une donation n\u2019est pas forc\u00e9ment un cadeau ! Je dois faire analyser ma situation actuelle et \u00e0 venir avant de prendre une d\u00e9cision que je pourrais regretter. Pr\u00e9voir vaut mieux que gu\u00e9rir !<\/p>\n<\/div><\/section><\/p><\/div>\n<style type=\"text\/css\" data-created_by=\"avia_inline_auto\" id=\"style-css-av-cc8qsa-6e2cddc1404531775858ce7dd580a719\">\n.flex_column.av-cc8qsa-6e2cddc1404531775858ce7dd580a719{\nborder-radius:0px 0px 0px 0px;\npadding:0px 0px 0px 0px;\n}\n<\/style>\n<div  class='flex_column av-cc8qsa-6e2cddc1404531775858ce7dd580a719 av_one_fourth  avia-builder-el-5  el_after_av_two_third  avia-builder-el-last  flex_column_div av-zero-column-padding  '     ><p><section  class='avia-team-member trs-notaire-author   avia-builder-el-6  el_before_av_heading  avia-builder-el-first '  itemscope=\"itemscope\" itemtype=\"https:\/\/schema.org\/Person\" ><div class='team-img-container'><a href=\"https:\/\/www.swisnot.ch\/de\/notaire\/piquerez-manuel\/\"><img decoding=\"async\" width=\"447\" height=\"678\" fetchpriority=\"high\" class='wp-image-9403 avia-img-lazy-loading-not-9403 avia_image avia_image_team' src=\"https:\/\/www.swisnot.ch\/wp\/wp-content\/uploads\/2024\/04\/Piquerez_Manuel.jpg\" alt='Piquerez Manuel'  itemprop=\"image\" srcset=\"https:\/\/www.swisnot.ch\/wp\/wp-content\/uploads\/2024\/04\/Piquerez_Manuel.jpg 447w, https:\/\/www.swisnot.ch\/wp\/wp-content\/uploads\/2024\/04\/Piquerez_Manuel-198x300.jpg 198w\" sizes=\"(max-width: 447px) 100vw, 447px\" \/><\/a><div class='team-social'><div class='team-social-inner'><span class='hidden av_member_url_markup '  itemprop=\"url\" >https:\/\/www.swisnot.ch\/de\/notaire\/piquerez-manuel\/<\/span><a rel='v:url' data-avia-tooltip=\"Page d\u00e9di\u00e9e\" target='_blank' class=' avia-team-icon ' href='https:\/\/www.swisnot.ch\/de\/notaire\/piquerez-manuel\/' aria-hidden='true' data-av_icon='\ue80a' data-av_iconfont='entypo-fontello'><\/a><\/div><\/div><\/div><h3 class='team-member-name'    itemprop=\"name\" >Piquerez Manuel<\/h3><div class='team-member-job-title '   itemprop=\"jobTitle\" >Notaire et avocat chez <strong><a href=\"https:\/\/www.swisnot.ch\/de\/etudes_notaires\/etude-piquerez\/\" target=\"_blank\">Etude Piquerez<\/a><\/strong> (JU-DE-2)<\/div><span class='hidden team-member-affiliation'  itemprop=\"affiliation\" >swisNot - Le r\u00e9seau notarial suisse<\/span><\/section><br \/>\n\n<style type=\"text\/css\" data-created_by=\"avia_inline_auto\" id=\"style-css-av-kpjl3amn-fd00b5e1773e191cd2c85a2609cae324\">\n#top .av-special-heading.av-kpjl3amn-fd00b5e1773e191cd2c85a2609cae324{\npadding-bottom:0;\ncolor:#98012e;\n}\nbody .av-special-heading.av-kpjl3amn-fd00b5e1773e191cd2c85a2609cae324 .av-special-heading-tag .heading-char{\nfont-size:25px;\n}\n.av-special-heading.av-kpjl3amn-fd00b5e1773e191cd2c85a2609cae324 .special-heading-inner-border{\nborder-color:#98012e;\n}\n.av-special-heading.av-kpjl3amn-fd00b5e1773e191cd2c85a2609cae324 .av-subheading{\nfont-size:15px;\n}\n<\/style>\n<div  class='av-special-heading av-kpjl3amn-fd00b5e1773e191cd2c85a2609cae324 av-special-heading-h3 custom-color-heading blockquote modern-quote  avia-builder-el-7  el_after_trs_notaire_author  el_before_av_iconlist  av-linked-heading'><h3 class='av-special-heading-tag '  itemprop=\"headline\"  >CE QU\u2019IL FAUT RETENIR<\/h3><div class=\"special-heading-border\"><div class=\"special-heading-inner-border\"><\/div><\/div><\/div><br \/>\n\n<style type=\"text\/css\" data-created_by=\"avia_inline_auto\" id=\"style-css-av-kpjl3yzm-38deb7a050a348c2c9c88387c3ff88f5\">\n#top .avia-icon-list-container.av-kpjl3yzm-38deb7a050a348c2c9c88387c3ff88f5 .iconlist_icon{\ncolor:#b02b2c;\nfont-size:16px;\n}\n#top .avia-icon-list-container.av-kpjl3yzm-38deb7a050a348c2c9c88387c3ff88f5 .iconlist_icon svg:first-child{\nstroke:#b02b2c;\nfill:#b02b2c;\nheight:16px;\nwidth:16px;\n}\n#top #wrap_all .avia-icon-list-container.av-kpjl3yzm-38deb7a050a348c2c9c88387c3ff88f5 .av_iconlist_title{\nfont-size:16px;\n}\n<\/style>\n<div  class='avia-icon-list-container av-kpjl3yzm-38deb7a050a348c2c9c88387c3ff88f5  avia-builder-el-8  el_after_av_heading  el_before_av_button '><ul class='avia-icon-list avia_animate_when_almost_visible avia-icon-list-left av-iconlist-small av-kpjl3yzm-38deb7a050a348c2c9c88387c3ff88f5 avia-iconlist-animate'>\n<li><div class='iconlist_icon av-kpjl3ko2-fb834b4ac396a80d616134e4a52d7b15 avia-font-entypo-fontello avia-iconfont avia-font-entypo-fontello'><span class='av-icon-char' data-av_icon='\ue812' data-av_iconfont='entypo-fontello' aria-hidden=\"true\"><\/span><\/div><article class=\"article-icon-entry \"  itemscope=\"itemscope\" itemtype=\"https:\/\/schema.org\/CreativeWork\" ><div class=\"iconlist_content_wrap\"><header class=\"entry-content-header\" aria-label=\"Icon: \"><\/header><div class='iconlist_content '  itemprop=\"text\" ><p style=\"text-align: justify;\">Les bases de calcul du droit aux prestations compl\u00e9mentaires d\u00e9pendent des cantons.<\/p>\n<\/div><\/div><footer class=\"entry-footer\"><\/footer><\/article><div class=\"iconlist-timeline\"><\/div><\/li>\n<li><div class='iconlist_icon av-kpjl3rlm-36393aed6938af88fb76a503f556e7d1 avia-font-entypo-fontello avia-iconfont avia-font-entypo-fontello'><span class='av-icon-char' data-av_icon='\ue812' data-av_iconfont='entypo-fontello' aria-hidden=\"true\"><\/span><\/div><article class=\"article-icon-entry \"  itemscope=\"itemscope\" itemtype=\"https:\/\/schema.org\/CreativeWork\" ><div class=\"iconlist_content_wrap\"><header class=\"entry-content-header\" aria-label=\"Icon: \"><\/header><div class='iconlist_content '  itemprop=\"text\" ><p style=\"text-align: justify;\">Une analyse globale de mes revenus et de mon patrimoine est n\u00e9cessaire avant de donner ma maison \u00e0 mon fils.<\/p>\n<\/div><\/div><footer class=\"entry-footer\"><\/footer><\/article><div class=\"iconlist-timeline\"><\/div><\/li>\n<li><div class='iconlist_icon av-kpjl3y9d-3ba879da5d9ab9c7b3516f87d603cadf avia-font-entypo-fontello avia-iconfont avia-font-entypo-fontello'><span class='av-icon-char' data-av_icon='\ue812' data-av_iconfont='entypo-fontello' aria-hidden=\"true\"><\/span><\/div><article class=\"article-icon-entry \"  itemscope=\"itemscope\" itemtype=\"https:\/\/schema.org\/CreativeWork\" ><div class=\"iconlist_content_wrap\"><header class=\"entry-content-header\" aria-label=\"Icon: \"><\/header><div class='iconlist_content '  itemprop=\"text\" ><p>Attention aux modifications l\u00e9gislatives futures !<\/p>\n<\/div><\/div><footer class=\"entry-footer\"><\/footer><\/article><div class=\"iconlist-timeline\"><\/div><\/li>\n<\/ul><\/div><br \/>\n<div  class='avia-button-wrap av-8kyufe-127a63344b41260b75662ad188afdacf-wrap avia-button-center  avia-builder-el-9  el_after_av_iconlist  el_before_av_heading  trs-pdf-button'><a href='https:\/\/www.swisnot.ch\/wp\/wp-content\/uploads\/2021\/06\/Vais-je_donner_ma_maison_\u00e0_mon_fils_de_mon_vivant.pdf'  class='avia-button av-8kyufe-127a63344b41260b75662ad188afdacf av-link-btn avia-icon_select-yes-left-icon avia-size-medium avia-position-center avia-color-theme-color'  target=\"_blank\"  rel=\"noopener noreferrer\"  aria-label=\" Article (PDF)\"><span class='avia_button_icon avia_button_icon_left avia-iconfont avia-font-entypo-fontello' data-av_icon='\ue84d' data-av_iconfont='entypo-fontello' ><\/span><span class='avia_iconbox_title' > Article (PDF)<\/span><\/a><\/div><br \/>\n\n<style type=\"text\/css\" data-created_by=\"avia_inline_auto\" id=\"style-css-av-82umhm-8f322a5b9bd398c7a710f484e83c8943\">\n#top .av-special-heading.av-82umhm-8f322a5b9bd398c7a710f484e83c8943{\nmargin:10px 0 0 0;\npadding-bottom:10px;\n}\nbody .av-special-heading.av-82umhm-8f322a5b9bd398c7a710f484e83c8943 .av-special-heading-tag .heading-char{\nfont-size:25px;\n}\n.av-special-heading.av-82umhm-8f322a5b9bd398c7a710f484e83c8943 .av-subheading{\nfont-size:15px;\n}\n<\/style>\n<div  class='av-special-heading av-82umhm-8f322a5b9bd398c7a710f484e83c8943 av-special-heading-h6 meta-heading blockquote modern-quote modern-centered  avia-builder-el-10  el_after_av_button  avia-builder-el-last '><h6 class='av-special-heading-tag '  itemprop=\"headline\"  >Publi\u00e9 dans le magazine g\u00e9n\u00e9rations par les notaires de swisNot<\/h6><div class=\"special-heading-border\"><div class=\"special-heading-inner-border\"><\/div><\/div><\/div><\/p><\/div><\/div><\/div><\/main><!-- close content main element --><\/div><\/div><div id='av_section_2'  class='avia-section av-jme56-d38899afbd91ffef420e7e067896b6c4 main_color avia-section-default avia-no-border-styling  avia-builder-el-11  el_after_av_section  avia-builder-el-last  avia-bg-style-scroll container_wrap fullsize'  ><div class='container av-section-cont-open' ><div class='template-page content  av-content-full alpha units'><div class='post-entry post-entry-type-page post-entry-7466'><div class='entry-content-wrapper clearfix'>\n\n<style type=\"text\/css\" data-created_by=\"avia_inline_auto\" id=\"style-css-av-3h8h56-3930908a8b8dd751ccf14bac5d9e0cad\">\n#top .av-special-heading.av-3h8h56-3930908a8b8dd751ccf14bac5d9e0cad{\npadding-bottom:10px;\n}\nbody .av-special-heading.av-3h8h56-3930908a8b8dd751ccf14bac5d9e0cad .av-special-heading-tag .heading-char{\nfont-size:25px;\n}\n.av-special-heading.av-3h8h56-3930908a8b8dd751ccf14bac5d9e0cad .av-subheading{\nfont-size:15px;\n}\n<\/style>\n<div  class='av-special-heading av-3h8h56-3930908a8b8dd751ccf14bac5d9e0cad av-special-heading-h3 blockquote modern-quote  avia-builder-el-12  el_before_av_masonry_entries  avia-builder-el-no-sibling  trs-special-underline'><h3 class='av-special-heading-tag '  itemprop=\"headline\"  >Plus d\u2019actualit\u00e9s swisNot <\/h3><div class=\"special-heading-border\"><div class=\"special-heading-inner-border\"><\/div><\/div><\/div>\n<div id='av-masonry-1' class='av-masonry av-29vh5m-616ac5624d83e90fbc19756bd40ac89a noHover av-fixed-size av-large-gap av-hover-overlay-active av-masonry-animation-active av-masonry-col-flexible av-caption-always av-caption-style- av-masonry-entries ' data-post_id=\"7466\"><div class=\"av-masonry-container isotope av-js-disabled\"><div class='av-masonry-entry isotope-item av-masonry-item-no-image all_sort'><\/div><a href=\"https:\/\/www.swisnot.ch\/de\/actualites\/revision-du-droit-des-successions\/\"  id='av-masonry-1-item-7888' data-av-masonry-item='7888' class='av-masonry-entry isotope-item post-7888 actualites type-actualites status-publish hentry all_sort av-masonry-item-no-image' title=\"R\u00e9vision du droit des successions\"   itemscope=\"itemscope\" itemtype=\"https:\/\/schema.org\/CreativeWork\" ><div class='av-inner-masonry-sizer'><\/div><figure class='av-inner-masonry main_color'><figcaption class='av-inner-masonry-content site-background'><div class='av-inner-masonry-content-pos'><div class='av-inner-masonry-content-pos-content'><div class='avia-arrow'><\/div><h3 class='av-masonry-entry-title entry-title '  itemprop=\"headline\" >R\u00e9vision du droit des successions<\/h3><\/div><\/div><\/figcaption><\/figure><\/a><!--end av-masonry entry--><a href=\"https:\/\/www.swisnot.ch\/de\/actualites\/le-casse-tete-de-la-succession-dans-les-familles-recomposees\/\"  id='av-masonry-1-item-9834' data-av-masonry-item='9834' class='av-masonry-entry isotope-item post-9834 actualites type-actualites status-publish hentry all_sort av-masonry-item-no-image' title=\"Le casse-t\u00eate de la succession dans les familles recompos\u00e9es\"   itemscope=\"itemscope\" itemtype=\"https:\/\/schema.org\/CreativeWork\" ><div class='av-inner-masonry-sizer'><\/div><figure class='av-inner-masonry main_color'><figcaption class='av-inner-masonry-content site-background'><div class='av-inner-masonry-content-pos'><div class='av-inner-masonry-content-pos-content'><div class='avia-arrow'><\/div><h3 class='av-masonry-entry-title entry-title '  itemprop=\"headline\" >Le casse-t\u00eate de la succession dans les familles recompos\u00e9es<\/h3><\/div><\/div><\/figcaption><\/figure><\/a><!--end av-masonry entry--><a href=\"https:\/\/www.swisnot.ch\/de\/actualites\/la-procuration-ne-suffit-pas-toujours\/\"  id='av-masonry-1-item-9826' data-av-masonry-item='9826' class='av-masonry-entry isotope-item post-9826 actualites type-actualites status-publish hentry all_sort av-masonry-item-no-image' title=\"La procuration ne suffit pas toujours\"   itemscope=\"itemscope\" itemtype=\"https:\/\/schema.org\/CreativeWork\" ><div class='av-inner-masonry-sizer'><\/div><figure class='av-inner-masonry main_color'><figcaption class='av-inner-masonry-content site-background'><div class='av-inner-masonry-content-pos'><div class='av-inner-masonry-content-pos-content'><div class='avia-arrow'><\/div><h3 class='av-masonry-entry-title entry-title '  itemprop=\"headline\" >La procuration ne suffit pas toujours<\/h3><\/div><\/div><\/figcaption><\/figure><\/a><!--end av-masonry entry--><a href=\"https:\/\/www.swisnot.ch\/de\/actualites\/donations-un-geste-a-double-tranchant\/\"  id='av-masonry-1-item-9821' data-av-masonry-item='9821' class='av-masonry-entry isotope-item post-9821 actualites type-actualites status-publish hentry all_sort av-masonry-item-no-image' title=\"Donations, un geste \u00e0 double tranchant\"   itemscope=\"itemscope\" itemtype=\"https:\/\/schema.org\/CreativeWork\" ><div class='av-inner-masonry-sizer'><\/div><figure class='av-inner-masonry main_color'><figcaption class='av-inner-masonry-content site-background'><div class='av-inner-masonry-content-pos'><div class='av-inner-masonry-content-pos-content'><div class='avia-arrow'><\/div><h3 class='av-masonry-entry-title entry-title '  itemprop=\"headline\" >Donations, un geste \u00e0 double tranchant<\/h3><\/div><\/div><\/figcaption><\/figure><\/a><!--end av-masonry entry--><a href=\"https:\/\/www.swisnot.ch\/de\/actualites\/et-si-vous-netiez-plus-en-mesure-de-decider\/\"  id='av-masonry-1-item-9804' data-av-masonry-item='9804' class='av-masonry-entry isotope-item post-9804 actualites type-actualites status-publish hentry all_sort av-masonry-item-no-image' title=\"Et si vous n\u2019\u00e9tiez plus en mesure de d\u00e9cider ?\"   itemscope=\"itemscope\" itemtype=\"https:\/\/schema.org\/CreativeWork\" ><div class='av-inner-masonry-sizer'><\/div><figure class='av-inner-masonry main_color'><figcaption class='av-inner-masonry-content site-background'><div class='av-inner-masonry-content-pos'><div class='av-inner-masonry-content-pos-content'><div class='avia-arrow'><\/div><h3 class='av-masonry-entry-title entry-title '  itemprop=\"headline\" >Et si vous n\u2019\u00e9tiez plus en mesure de d\u00e9cider ?<\/h3><\/div><\/div><\/figcaption><\/figure><\/a><!--end av-masonry entry--><a href=\"https:\/\/www.swisnot.ch\/de\/actualites\/preter-de-largent-a-ses-enfants\/\"  id='av-masonry-1-item-9777' data-av-masonry-item='9777' class='av-masonry-entry isotope-item post-9777 actualites type-actualites status-publish hentry all_sort av-masonry-item-no-image' title=\"Pr\u00eater de l\u2019argent \u00e0 ses enfants ?\"   itemscope=\"itemscope\" itemtype=\"https:\/\/schema.org\/CreativeWork\" ><div class='av-inner-masonry-sizer'><\/div><figure class='av-inner-masonry main_color'><figcaption class='av-inner-masonry-content site-background'><div class='av-inner-masonry-content-pos'><div class='av-inner-masonry-content-pos-content'><div class='avia-arrow'><\/div><h3 class='av-masonry-entry-title entry-title '  itemprop=\"headline\" >Pr\u00eater de l\u2019argent \u00e0 ses enfants ?<\/h3><\/div><\/div><\/figcaption><\/figure><\/a><!--end av-masonry entry--><\/div><a class='av-masonry-pagination av-masonry-load-more' href='#load-more'  data-post_type='actualites'  data-link='category, 15'  data-term_rel='IN'  data-wc_prod_visible=''  data-wc_prod_hidden='hide'  data-wc_prod_featured=''  data-wc_prod_sale=''  data-prod_order_by=''  data-prod_order=''  data-date_filter=''  data-date_filter_start=''  data-date_filter_end=''  data-date_filter_format='yy\/mm\/dd'  data-period_filter_unit_1=''  data-period_filter_unit_2=''  data-page_element_filter=''  data-sort='yes'  data-query_orderby='date'  data-query_order='DESC'  data-caption_elements='title'  data-caption_styling=''  data-caption_display='always'  data-img_copyright=''  data-size='fixed masonry'  data-orientation=''  data-image_size='masonry'  data-gap='large'  data-columns='flexible'  data-av-desktop-columns=''  data-av-medium-columns=''  data-av-small-columns=''  data-av-mini-columns=''  data-items='6'  data-paginate='load_more'  data-color=''  data-custom_bg=''  data-img_copyright_font=''  data-av-desktop-font-img_copyright_font=''  data-av-medium-font-img_copyright_font=''  data-av-small-font-img_copyright_font=''  data-av-mini-font-img_copyright_font=''  data-img_copyright_color=''  data-img_copyright_bg=''  data-animation='active'  data-animation_duration=''  data-animation_custom_bg_color=''  data-animation_custom_bg_color_multi_list=''  data-animation_z_index_curtain='100'  data-overlay_fx='active'  data-img_scrset=''  data-lazy_loading='disabled'  data-av-desktop-hide=''  data-av-medium-hide=''  data-av-small-hide=''  data-av-mini-hide=''  data-alb_description=''  data-id=''  data-custom_class=''  data-template_class=''  data-av_uid='av-29vh5m'  data-sc_version='1.0'  data-ids=''  data-action=''  data-offset='0'  data-container_links='active'  data-link_dest=''  data-lightbox_text=''  data-container_class='av-masonry-entries'  data-auto_ratio='1.7'  data-set_breadcrumb='1'  data-custom_markup=''  data-taxonomy='category'  data-categories=''  data-avno='1fbdc58097'>Mehr laden<\/a><\/div>\n<\/p>\n","protected":false},"excerpt":{"rendered":"<p>Ag\u00e9 de 66 ans, j\u2019ai un fils unique et je suis divorc\u00e9. Est-ce une bonne id\u00e9e de lui transmettre mon bien ?<\/p>\n","protected":false},"menu_order":0,"template":"","meta":{"_acf_changed":false,"footnotes":""},"categories":[15],"class_list":["post-7466","actualites","type-actualites","status-publish","hentry","category-news"],"acf":[],"yoast_head":"<!-- This site is optimized with the Yoast SEO plugin v24.9 - https:\/\/yoast.com\/wordpress\/plugins\/seo\/ -->\n<title>Vais-je donner ma maison \u00e0 mon fils de mon vivant ? - swisNot - Le r\u00e9seau notarial suisse<\/title>\n<meta name=\"description\" content=\"swisNot, le r\u00e9seau notarial suisse, votre partenaire en mati\u00e8re juridique et fiscale\" \/>\n<meta name=\"robots\" content=\"index, follow, max-snippet:-1, max-image-preview:large, max-video-preview:-1\" \/>\n<link rel=\"canonical\" href=\"https:\/\/www.swisnot.ch\/de\/actualites\/vais-je-donner-ma-maison-a-mon-fils-de-mon-vivant\/\" \/>\n<meta property=\"og:locale\" content=\"de_DE\" \/>\n<meta property=\"og:type\" content=\"article\" \/>\n<meta property=\"og:title\" content=\"Vais-je donner ma maison \u00e0 mon fils de mon vivant ? - swisNot - Le r\u00e9seau notarial suisse\" \/>\n<meta property=\"og:description\" content=\"swisNot, le r\u00e9seau notarial suisse, votre partenaire en mati\u00e8re juridique et fiscale\" \/>\n<meta property=\"og:url\" content=\"https:\/\/www.swisnot.ch\/de\/actualites\/vais-je-donner-ma-maison-a-mon-fils-de-mon-vivant\/\" \/>\n<meta property=\"og:site_name\" content=\"swisNot - Le r\u00e9seau notarial suisse\" \/>\n<meta property=\"article:modified_time\" content=\"2021-11-22T13:44:32+00:00\" \/>\n<meta name=\"twitter:card\" content=\"summary_large_image\" \/>\n<meta name=\"twitter:label1\" content=\"Est. reading time\" \/>\n\t<meta name=\"twitter:data1\" content=\"6 minutes\" \/>\n<script type=\"application\/ld+json\" class=\"yoast-schema-graph\">{\"@context\":\"https:\/\/schema.org\",\"@graph\":[{\"@type\":\"WebPage\",\"@id\":\"https:\/\/www.swisnot.ch\/de\/actualites\/vais-je-donner-ma-maison-a-mon-fils-de-mon-vivant\/\",\"url\":\"https:\/\/www.swisnot.ch\/de\/actualites\/vais-je-donner-ma-maison-a-mon-fils-de-mon-vivant\/\",\"name\":\"Vais-je donner ma maison \u00e0 mon fils de mon vivant ? - swisNot - Le r\u00e9seau notarial suisse\",\"isPartOf\":{\"@id\":\"https:\/\/www.swisnot.ch\/de\/#website\"},\"datePublished\":\"2021-06-05T09:59:24+00:00\",\"dateModified\":\"2021-11-22T13:44:32+00:00\",\"description\":\"swisNot, le r\u00e9seau notarial suisse, votre partenaire en mati\u00e8re juridique et fiscale\",\"breadcrumb\":{\"@id\":\"https:\/\/www.swisnot.ch\/de\/actualites\/vais-je-donner-ma-maison-a-mon-fils-de-mon-vivant\/#breadcrumb\"},\"inLanguage\":\"de-DE\",\"potentialAction\":[{\"@type\":\"ReadAction\",\"target\":[\"https:\/\/www.swisnot.ch\/de\/actualites\/vais-je-donner-ma-maison-a-mon-fils-de-mon-vivant\/\"]}]},{\"@type\":\"BreadcrumbList\",\"@id\":\"https:\/\/www.swisnot.ch\/de\/actualites\/vais-je-donner-ma-maison-a-mon-fils-de-mon-vivant\/#breadcrumb\",\"itemListElement\":[{\"@type\":\"ListItem\",\"position\":1,\"name\":\"Accueil\",\"item\":\"https:\/\/www.swisnot.ch\/de\/home\/\"},{\"@type\":\"ListItem\",\"position\":2,\"name\":\"Vais-je donner ma maison \u00e0 mon fils de mon vivant ?\"}]},{\"@type\":\"WebSite\",\"@id\":\"https:\/\/www.swisnot.ch\/de\/#website\",\"url\":\"https:\/\/www.swisnot.ch\/de\/\",\"name\":\"swisNot - Le r\u00e9seau notarial suisse\",\"description\":\"Votre partenaire en mati\u00e8re juridique et fiscale\",\"potentialAction\":[{\"@type\":\"SearchAction\",\"target\":{\"@type\":\"EntryPoint\",\"urlTemplate\":\"https:\/\/www.swisnot.ch\/de\/?s={search_term_string}\"},\"query-input\":{\"@type\":\"PropertyValueSpecification\",\"valueRequired\":true,\"valueName\":\"search_term_string\"}}],\"inLanguage\":\"de-DE\"}]}<\/script>\n<!-- \/ Yoast SEO plugin. -->","yoast_head_json":{"title":"Vais-je donner ma maison \u00e0 mon fils de mon vivant ? - swisNot - Le r\u00e9seau notarial suisse","description":"swisNot, le r\u00e9seau notarial suisse, votre partenaire en mati\u00e8re juridique et fiscale","robots":{"index":"index","follow":"follow","max-snippet":"max-snippet:-1","max-image-preview":"max-image-preview:large","max-video-preview":"max-video-preview:-1"},"canonical":"https:\/\/www.swisnot.ch\/de\/actualites\/vais-je-donner-ma-maison-a-mon-fils-de-mon-vivant\/","og_locale":"de_DE","og_type":"article","og_title":"Vais-je donner ma maison \u00e0 mon fils de mon vivant ? - swisNot - Le r\u00e9seau notarial suisse","og_description":"swisNot, le r\u00e9seau notarial suisse, votre partenaire en mati\u00e8re juridique et fiscale","og_url":"https:\/\/www.swisnot.ch\/de\/actualites\/vais-je-donner-ma-maison-a-mon-fils-de-mon-vivant\/","og_site_name":"swisNot - Le r\u00e9seau notarial suisse","article_modified_time":"2021-11-22T13:44:32+00:00","twitter_card":"summary_large_image","twitter_misc":{"Est. reading time":"6 minutes"},"schema":{"@context":"https:\/\/schema.org","@graph":[{"@type":"WebPage","@id":"https:\/\/www.swisnot.ch\/de\/actualites\/vais-je-donner-ma-maison-a-mon-fils-de-mon-vivant\/","url":"https:\/\/www.swisnot.ch\/de\/actualites\/vais-je-donner-ma-maison-a-mon-fils-de-mon-vivant\/","name":"Vais-je donner ma maison \u00e0 mon fils de mon vivant ? - swisNot - Le r\u00e9seau notarial suisse","isPartOf":{"@id":"https:\/\/www.swisnot.ch\/de\/#website"},"datePublished":"2021-06-05T09:59:24+00:00","dateModified":"2021-11-22T13:44:32+00:00","description":"swisNot, le r\u00e9seau notarial suisse, votre partenaire en mati\u00e8re juridique et fiscale","breadcrumb":{"@id":"https:\/\/www.swisnot.ch\/de\/actualites\/vais-je-donner-ma-maison-a-mon-fils-de-mon-vivant\/#breadcrumb"},"inLanguage":"de-DE","potentialAction":[{"@type":"ReadAction","target":["https:\/\/www.swisnot.ch\/de\/actualites\/vais-je-donner-ma-maison-a-mon-fils-de-mon-vivant\/"]}]},{"@type":"BreadcrumbList","@id":"https:\/\/www.swisnot.ch\/de\/actualites\/vais-je-donner-ma-maison-a-mon-fils-de-mon-vivant\/#breadcrumb","itemListElement":[{"@type":"ListItem","position":1,"name":"Accueil","item":"https:\/\/www.swisnot.ch\/de\/home\/"},{"@type":"ListItem","position":2,"name":"Vais-je donner ma maison \u00e0 mon fils de mon vivant ?"}]},{"@type":"WebSite","@id":"https:\/\/www.swisnot.ch\/de\/#website","url":"https:\/\/www.swisnot.ch\/de\/","name":"swisNot - Le r\u00e9seau notarial suisse","description":"Votre partenaire en mati\u00e8re juridique et fiscale","potentialAction":[{"@type":"SearchAction","target":{"@type":"EntryPoint","urlTemplate":"https:\/\/www.swisnot.ch\/de\/?s={search_term_string}"},"query-input":{"@type":"PropertyValueSpecification","valueRequired":true,"valueName":"search_term_string"}}],"inLanguage":"de-DE"}]}},"_links":{"self":[{"href":"https:\/\/www.swisnot.ch\/de\/wp-json\/wp\/v2\/actualites\/7466","targetHints":{"allow":["GET"]}}],"collection":[{"href":"https:\/\/www.swisnot.ch\/de\/wp-json\/wp\/v2\/actualites"}],"about":[{"href":"https:\/\/www.swisnot.ch\/de\/wp-json\/wp\/v2\/types\/actualites"}],"version-history":[{"count":5,"href":"https:\/\/www.swisnot.ch\/de\/wp-json\/wp\/v2\/actualites\/7466\/revisions"}],"predecessor-version":[{"id":8303,"href":"https:\/\/www.swisnot.ch\/de\/wp-json\/wp\/v2\/actualites\/7466\/revisions\/8303"}],"wp:attachment":[{"href":"https:\/\/www.swisnot.ch\/de\/wp-json\/wp\/v2\/media?parent=7466"}],"wp:term":[{"taxonomy":"category","embeddable":true,"href":"https:\/\/www.swisnot.ch\/de\/wp-json\/wp\/v2\/categories?post=7466"}],"curies":[{"name":"wp","href":"https:\/\/api.w.org\/{rel}","templated":true}]}}