{"id":3674,"date":"2021-05-17T07:18:35","date_gmt":"2021-05-17T06:18:35","guid":{"rendered":"https:\/\/swisnot.trisdemo.ch\/actualites\/succession-mais-cest-quoi-cette-hoirie-copy-copy\/"},"modified":"2021-11-22T15:02:16","modified_gmt":"2021-11-22T14:02:16","slug":"du_bon_usage_du_testament_oral","status":"publish","type":"actualites","link":"https:\/\/www.swisnot.ch\/de\/actualites\/du_bon_usage_du_testament_oral\/","title":{"rendered":"Du bon usage du testament oral"},"content":{"rendered":"<div id='av_section_1'  class='avia-section av-62xc8o-4873dfed48ecae0c8346469b1b3a21ca main_color avia-section-default avia-no-border-styling  avia-builder-el-0  el_before_av_section  avia-builder-el-first  avia-bg-style-scroll container_wrap fullsize'  ><div class='container av-section-cont-open' ><main  role=\"main\" itemprop=\"mainContentOfPage\"  class='template-page content  av-content-full alpha units'><div class='post-entry post-entry-type-page post-entry-3674'><div class='entry-content-wrapper clearfix'>\n\n<style type=\"text\/css\" data-created_by=\"avia_inline_auto\" id=\"style-css-av-2nukd-d7d7f23e56ab6c894a74e255fd1b824a\">\n#top .av-special-heading.av-2nukd-d7d7f23e56ab6c894a74e255fd1b824a{\npadding-bottom:10px;\nfont-size:36px;\n}\nbody .av-special-heading.av-2nukd-d7d7f23e56ab6c894a74e255fd1b824a .av-special-heading-tag .heading-char{\nfont-size:25px;\n}\n#top #wrap_all .av-special-heading.av-2nukd-d7d7f23e56ab6c894a74e255fd1b824a .av-special-heading-tag{\nfont-size:36px;\n}\n.av-special-heading.av-2nukd-d7d7f23e56ab6c894a74e255fd1b824a .av-subheading{\nfont-size:15px;\n}\n\n@media only screen and (min-width: 480px) and (max-width: 767px){ \n#top #wrap_all .av-special-heading.av-2nukd-d7d7f23e56ab6c894a74e255fd1b824a .av-special-heading-tag{\nfont-size:0.8em;\n}\n}\n\n@media only screen and (max-width: 479px){ \n#top #wrap_all .av-special-heading.av-2nukd-d7d7f23e56ab6c894a74e255fd1b824a .av-special-heading-tag{\nfont-size:0.8em;\n}\n}\n<\/style>\n<div  class='av-special-heading av-2nukd-d7d7f23e56ab6c894a74e255fd1b824a av-special-heading-h1 blockquote modern-quote  avia-builder-el-1  el_before_av_two_third  avia-builder-el-first  av-inherit-size av-linked-heading'><h1 class='av-special-heading-tag '  itemprop=\"headline\"  >Du bon usage du testament oral<\/h1><div class=\"special-heading-border\"><div class=\"special-heading-inner-border\"><\/div><\/div><\/div>\n\n<style type=\"text\/css\" data-created_by=\"avia_inline_auto\" id=\"style-css-av-3igp3f-89bbdf24fc69aae5811660fcc0a7a2f3\">\n.flex_column.av-3igp3f-89bbdf24fc69aae5811660fcc0a7a2f3{\nborder-radius:0px 0px 0px 0px;\npadding:0px 0px 0px 0px;\n}\n<\/style>\n<div  class='flex_column av-3igp3f-89bbdf24fc69aae5811660fcc0a7a2f3 av_two_third  avia-builder-el-2  el_after_av_heading  el_before_av_one_fourth  first flex_column_div av-zero-column-padding  '     ><p>\n<style type=\"text\/css\" data-created_by=\"avia_inline_auto\" id=\"style-css-av-5n1xct-f5cf887241b034be21d548df51274cd4\">\n#top .av-special-heading.av-5n1xct-f5cf887241b034be21d548df51274cd4{\npadding-bottom:10px;\n}\nbody .av-special-heading.av-5n1xct-f5cf887241b034be21d548df51274cd4 .av-special-heading-tag .heading-char{\nfont-size:25px;\n}\n.av-special-heading.av-5n1xct-f5cf887241b034be21d548df51274cd4 .av-subheading{\nfont-size:15px;\n}\n<\/style>\n<div  class='av-special-heading av-5n1xct-f5cf887241b034be21d548df51274cd4 av-special-heading-h2 blockquote modern-quote  avia-builder-el-3  el_before_av_textblock  avia-builder-el-first  av-linked-heading'><h2 class='av-special-heading-tag '  itemprop=\"headline\"  >En cas de circonstances extraordinaires, le Code civil permet de tester en la forme orale. Mais attention, les exigences \u00e0 respecter sont tr\u00e8s strictes. <\/h2><div class=\"special-heading-border\"><div class=\"special-heading-inner-border\"><\/div><\/div><\/div><br \/>\n<section  class='av_textblock_section av-jwjigdnc-7c012b9db97d3f2a08f039a35230ac91 '   itemscope=\"itemscope\" itemtype=\"https:\/\/schema.org\/CreativeWork\" ><div class='avia_textblock'  itemprop=\"text\" ><p style=\"text-align: justify;\">Une personne capable de discernement et \u00e2g\u00e9e de 18 ans r\u00e9volus peut r\u00e9gler sa succession par testament. Le testament est, en principe, de forme olographe (\u00e9crit en entier \u00e0 la main et sign\u00e9 par son auteure) ou publique (re\u00e7u par un notaire). Cependant, il peut exceptionnellement \u00eatre de forme orale lorsque le testateur, pour des circonstances extraordinaires, notamment en cas de danger de mort imminent, n\u2019est pas en mesure de r\u00e9diger un testament olographe et n\u2019a pas la possibilit\u00e9 de recourir aux services d\u2019un notaire.<\/p>\n<p style=\"text-align: justify;\">Le testateur doit d\u00e9clarer (en principe de vive voix, mais pas n\u00e9cessairement, car des gestes peuvent suffire, comme l\u2019acquiescement \u00e0 une proposition de testament par une personne sous assistance respiratoire) sa volont\u00e9 \u00e0 deux t\u00e9moins, en m\u00eame temps, et les charger d\u2019en dresser ou de faire dresser acte. Les t\u00e9moins doivent satisfaire \u00e0 quatre conditions :<\/p>\n<ol style=\"text-align: justify;\">\n<li>\u00a0avoir l\u2019exercice des droits civils (\u00eatre majeurs,<br \/>\ncapables de discernement et pas sous cura-<br \/>\ntelle de port\u00e9e g\u00e9n\u00e9rale)<\/li>\n<li>savoir lire et \u00e9crire<\/li>\n<li>ne pas avoir de lien de parent\u00e9 suivant avec<br \/>\nle testateur : descendant, ascendant, fr\u00e8re ou<br \/>\ns\u0153ur, leurs conjoints et le conjoint du testateur<\/li>\n<li>ne pas \u00eatre gratifi\u00e9s dans le testament.<\/li>\n<\/ol>\n<p style=\"text-align: justify;\"><strong>Agir rapidement<\/strong><br \/>\nApr\u00e8s la d\u00e9claration du testateur, les t\u00e9moins doivent agir imm\u00e9diatement. La loi ne fixe pas de d\u00e9lai, mais il est conseill\u00e9 de proc\u00e9der dans les vingt-quatre heures ouvrables. Ils peuvent s\u2019accomplir de leur mission de deux fa\u00e7ons, selon leur libre choix. Premi\u00e8re possibilit\u00e9 : un des t\u00e9moins \u00e9crit (pas n\u00e9cessairement \u00e0 la main) imm\u00e9diatement les derni\u00e8res volont\u00e9s, les date en indiquant le lieu, l\u2019ann\u00e9e, le mois et le jour du moment o\u00f9 le testateur leur a exprim\u00e9 ses derni\u00e8res volont\u00e9s, les signe et les fait signer par l\u2019autre t\u00e9moin. Les deux t\u00e9moins remettent ensemble, sans d\u00e9lai, personnellement (sans les confier \u00e0 un tiers ni m\u00eame \u00e0 La Poste) cet \u00e9crit \u00e0 l\u2019autorit\u00e9 comp\u00e9tente selon le droit cantonal et d\u00e9clarent que le testateur leur a paru capable de disposer, leur a exprim\u00e9 ses derni\u00e8res volont\u00e9s et exposent les circonstances particuli\u00e8res dans lesquelles les derni\u00e8res volont\u00e9s leur ont \u00e9t\u00e9 communiqu\u00e9es.<\/p>\n<p style=\"text-align: justify;\">Deuxi\u00e8me possibilit\u00e9: plut\u00f4t que de r\u00e9diger eux-m\u00eames les derni\u00e8res volont\u00e9s, les t\u00e9moins se pr\u00e9sentent imm\u00e9diatement \u00e0 l\u2019autorit\u00e9 comp\u00e9tente et d\u00e9clarent quelles furent les derni\u00e8res volont\u00e9s pour que l\u2019autorit\u00e9 puisse en dresser proc\u00e8s-verbal. Les t\u00e9moins doivent \u00e9galement affirmer que le testateur leur a paru capable de disposer et exposer les circonstances particuli\u00e8res dans lesquelles les derni\u00e8res volont\u00e9s leur ont \u00e9t\u00e9 communiqu\u00e9es.<\/p>\n<p style=\"text-align: justify;\">Le testament oral perd sa validit\u00e9 lorsque quatorze jours se sont \u00e9coul\u00e9s depuis que le testateur a recouvr\u00e9 la libert\u00e9 d\u2019employer l\u2019une des autres formes, \u00e0 savoir de r\u00e9diger un testament olographe ou de faire recevoir un testament public par un notaire.<\/p>\n<\/div><\/section><\/p><\/div>\n<style type=\"text\/css\" data-created_by=\"avia_inline_auto\" id=\"style-css-av-2bwvdd-bb86f5ed2449c34becf58b56ea477fe2\">\n.flex_column.av-2bwvdd-bb86f5ed2449c34becf58b56ea477fe2{\nborder-radius:0px 0px 0px 0px;\npadding:0px 0px 0px 0px;\n}\n<\/style>\n<div  class='flex_column av-2bwvdd-bb86f5ed2449c34becf58b56ea477fe2 av_one_fourth  avia-builder-el-5  el_after_av_two_third  avia-builder-el-last  flex_column_div av-zero-column-padding  '     ><p><section  class='avia-team-member trs-notaire-author   avia-builder-el-6  el_before_av_heading  avia-builder-el-first '  itemscope=\"itemscope\" itemtype=\"https:\/\/schema.org\/Person\" ><div class='team-img-container'><a href=\"https:\/\/www.swisnot.ch\/de\/notaire\/piller-gregoire\/\"><img decoding=\"async\" width=\"187\" height=\"243\" fetchpriority=\"high\" class='wp-image-3039 avia-img-lazy-loading-not-3039 avia_image avia_image_team' src=\"https:\/\/www.swisnot.ch\/wp\/wp-content\/uploads\/2021\/05\/piller_gregoire.jpg\" alt='Piller Gr\u00e9goire'  itemprop=\"image\"  \/><\/a><div class='team-social'><div class='team-social-inner'><span class='hidden av_member_url_markup '  itemprop=\"url\" >https:\/\/www.swisnot.ch\/de\/notaire\/piller-gregoire\/<\/span><a rel='v:url' data-avia-tooltip=\"Page d\u00e9di\u00e9e\" target='_blank' class=' avia-team-icon ' href='https:\/\/www.swisnot.ch\/de\/notaire\/piller-gregoire\/' aria-hidden='true' data-av_icon='\ue80a' data-av_iconfont='entypo-fontello'><\/a><\/div><\/div><\/div><h3 class='team-member-name'    itemprop=\"name\" >Piller Gr\u00e9goire<\/h3><div class='team-member-job-title '   itemprop=\"jobTitle\" >Notaire et avocat chez <strong><a href=\"https:\/\/www.swisnot.ch\/de\/etudes_notaires\/piller-morel-perritaz-farvagny\/\" target=\"_blank\">Piller Morel & Perritaz Farvagny<\/a><\/strong> (FR-DE)<\/div><span class='hidden team-member-affiliation'  itemprop=\"affiliation\" >swisNot - Le r\u00e9seau notarial suisse<\/span><\/section><br \/>\n\n<style type=\"text\/css\" data-created_by=\"avia_inline_auto\" id=\"style-css-av-2p1p3h-ef98bf0a1b05c543b7a571ca86f81f91\">\n#top .av-special-heading.av-2p1p3h-ef98bf0a1b05c543b7a571ca86f81f91{\npadding-bottom:0;\ncolor:#98012e;\n}\nbody .av-special-heading.av-2p1p3h-ef98bf0a1b05c543b7a571ca86f81f91 .av-special-heading-tag .heading-char{\nfont-size:25px;\n}\n.av-special-heading.av-2p1p3h-ef98bf0a1b05c543b7a571ca86f81f91 .special-heading-inner-border{\nborder-color:#98012e;\n}\n.av-special-heading.av-2p1p3h-ef98bf0a1b05c543b7a571ca86f81f91 .av-subheading{\nfont-size:15px;\n}\n<\/style>\n<div  class='av-special-heading av-2p1p3h-ef98bf0a1b05c543b7a571ca86f81f91 av-special-heading-h3 custom-color-heading blockquote modern-quote  avia-builder-el-7  el_after_trs_notaire_author  el_before_av_iconlist '><h3 class='av-special-heading-tag '  itemprop=\"headline\"  >Ce qu\u2019il faut retenir &#8230;<\/h3><div class=\"special-heading-border\"><div class=\"special-heading-inner-border\"><\/div><\/div><\/div><br \/>\n\n<style type=\"text\/css\" data-created_by=\"avia_inline_auto\" id=\"style-css-av-jwjit50s-d7ce041f41f600ce0bef43ab99c35098\">\n#top .avia-icon-list-container.av-jwjit50s-d7ce041f41f600ce0bef43ab99c35098 .iconlist_icon{\ncolor:#b02b2c;\nfont-size:16px;\n}\n#top .avia-icon-list-container.av-jwjit50s-d7ce041f41f600ce0bef43ab99c35098 .iconlist_icon svg:first-child{\nstroke:#b02b2c;\nfill:#b02b2c;\nheight:16px;\nwidth:16px;\n}\n#top #wrap_all .avia-icon-list-container.av-jwjit50s-d7ce041f41f600ce0bef43ab99c35098 .av_iconlist_title{\nfont-size:16px;\n}\n<\/style>\n<div  class='avia-icon-list-container av-jwjit50s-d7ce041f41f600ce0bef43ab99c35098  avia-builder-el-8  el_after_av_heading  el_before_av_button '><ul class='avia-icon-list avia_animate_when_almost_visible avia-icon-list-left av-iconlist-small av-jwjit50s-d7ce041f41f600ce0bef43ab99c35098 avia-iconlist-animate'>\n<li><div class='iconlist_icon av-77hti5-0dd9902cac9112840cdb0c00c98d9d5f avia-font-entypo-fontello avia-iconfont avia-font-entypo-fontello'><span class='av-icon-char' data-av_icon='\ue812' data-av_iconfont='entypo-fontello' aria-hidden=\"true\"><\/span><\/div><article class=\"article-icon-entry \"  itemscope=\"itemscope\" itemtype=\"https:\/\/schema.org\/CreativeWork\" ><div class=\"iconlist_content_wrap\"><header class=\"entry-content-header\" aria-label=\"Icon: \"><\/header><div class='iconlist_content '  itemprop=\"text\" ><p style=\"text-align: justify;\">En cas de danger de mort imminente, un testateur, qui ne peut ni \u00e9crire ni consulter de notaire, peut exprimer ses derni\u00e8res volont\u00e9s \u00e0 deux t\u00e9moins.<\/p>\n<\/div><\/div><footer class=\"entry-footer\"><\/footer><\/article><div class=\"iconlist-timeline\"><\/div><\/li>\n<li><div class='iconlist_icon av-5ovigt-e054a29394b21e9048dc53249df1dd4b avia-font-entypo-fontello avia-iconfont avia-font-entypo-fontello'><span class='av-icon-char' data-av_icon='\ue812' data-av_iconfont='entypo-fontello' aria-hidden=\"true\"><\/span><\/div><article class=\"article-icon-entry \"  itemscope=\"itemscope\" itemtype=\"https:\/\/schema.org\/CreativeWork\" ><div class=\"iconlist_content_wrap\"><header class=\"entry-content-header\" aria-label=\"Icon: \"><\/header><div class='iconlist_content '  itemprop=\"text\" ><p style=\"text-align: justify;\">Les deux t\u00e9moins doivent imm\u00e9diatement se pr\u00e9senter \u00e0 l\u2019autorit\u00e9 comp\u00e9tente pour lui remettre un document qui contient les derni\u00e8res volont\u00e9s ou les lui exprimer.<\/p>\n<\/div><\/div><footer class=\"entry-footer\"><\/footer><\/article><div class=\"iconlist-timeline\"><\/div><\/li>\n<li><div class='iconlist_icon av-cikml-6941228477123c4f4f0379e4497c6353 avia-font-entypo-fontello avia-iconfont avia-font-entypo-fontello'><span class='av-icon-char' data-av_icon='\ue812' data-av_iconfont='entypo-fontello' aria-hidden=\"true\"><\/span><\/div><article class=\"article-icon-entry \"  itemscope=\"itemscope\" itemtype=\"https:\/\/schema.org\/CreativeWork\" ><div class=\"iconlist_content_wrap\"><header class=\"entry-content-header\" aria-label=\"Icon: \"><\/header><div class='iconlist_content '  itemprop=\"text\" ><p style=\"text-align: justify;\">Si le testateur recouvre sa capacit\u00e9, il faut, dans les quatorze jours, qu\u2019il r\u00e9dige un testament olographe ou prie un notaire de recevoir un testament public.<\/p>\n<\/div><\/div><footer class=\"entry-footer\"><\/footer><\/article><div class=\"iconlist-timeline\"><\/div><\/li>\n<\/ul><\/div><br \/>\n<div  class='avia-button-wrap av-jwm36yio-eefb33a1e93af28d4ce5208da124565c-wrap avia-button-center  avia-builder-el-9  el_after_av_iconlist  el_before_av_heading  trs-pdf-button'><a href='https:\/\/www.swisnot.ch\/wp\/wp-content\/uploads\/2021\/06\/2020.11_GP.pdf'  class='avia-button av-jwm36yio-eefb33a1e93af28d4ce5208da124565c av-link-btn avia-icon_select-yes-left-icon avia-size-medium avia-position-center avia-color-theme-color'  target=\"_blank\"  rel=\"noopener noreferrer\"  aria-label=\" Article (PDF)\"><span class='avia_button_icon avia_button_icon_left avia-iconfont avia-font-entypo-fontello' data-av_icon='\ue84d' data-av_iconfont='entypo-fontello' ><\/span><span class='avia_iconbox_title' > Article (PDF)<\/span><\/a><\/div><br \/>\n\n<style type=\"text\/css\" data-created_by=\"avia_inline_auto\" id=\"style-css-av-kovdzfl9-b754e70a3aa17a5d62bbf23ebe9cd326\">\n#top .av-special-heading.av-kovdzfl9-b754e70a3aa17a5d62bbf23ebe9cd326{\nmargin:10px 0 0 0;\npadding-bottom:10px;\n}\nbody .av-special-heading.av-kovdzfl9-b754e70a3aa17a5d62bbf23ebe9cd326 .av-special-heading-tag .heading-char{\nfont-size:25px;\n}\n.av-special-heading.av-kovdzfl9-b754e70a3aa17a5d62bbf23ebe9cd326 .av-subheading{\nfont-size:15px;\n}\n<\/style>\n<div  class='av-special-heading av-kovdzfl9-b754e70a3aa17a5d62bbf23ebe9cd326 av-special-heading-h6 meta-heading blockquote modern-quote modern-centered  avia-builder-el-10  el_after_av_button  avia-builder-el-last '><h6 class='av-special-heading-tag '  itemprop=\"headline\"  >Publi\u00e9 dans le magazine g\u00e9n\u00e9rations par les notaires de swisNot<\/h6><div class=\"special-heading-border\"><div class=\"special-heading-inner-border\"><\/div><\/div><\/div><\/p><\/div><\/div><\/div><\/main><!-- close content main element --><\/div><\/div><div id='av_section_2'  class='avia-section av-5bdft6-3a2b1beca585f0a2358973024866ce45 main_color avia-section-default avia-no-border-styling  avia-builder-el-11  el_after_av_section  avia-builder-el-last  avia-bg-style-scroll container_wrap fullsize'  ><div class='container av-section-cont-open' ><div class='template-page content  av-content-full alpha units'><div class='post-entry post-entry-type-page post-entry-3674'><div class='entry-content-wrapper clearfix'>\n\n<style type=\"text\/css\" data-created_by=\"avia_inline_auto\" id=\"style-css-av-3tczt6-edeb2ea028041bff7fa32d085e635985\">\n#top .av-special-heading.av-3tczt6-edeb2ea028041bff7fa32d085e635985{\npadding-bottom:10px;\n}\nbody .av-special-heading.av-3tczt6-edeb2ea028041bff7fa32d085e635985 .av-special-heading-tag .heading-char{\nfont-size:25px;\n}\n.av-special-heading.av-3tczt6-edeb2ea028041bff7fa32d085e635985 .av-subheading{\nfont-size:15px;\n}\n<\/style>\n<div  class='av-special-heading av-3tczt6-edeb2ea028041bff7fa32d085e635985 av-special-heading-h3 blockquote modern-quote  avia-builder-el-12  el_before_av_masonry_entries  avia-builder-el-no-sibling  trs-special-underline'><h3 class='av-special-heading-tag '  itemprop=\"headline\"  >Plus d\u2019actualit\u00e9s swisNot <\/h3><div class=\"special-heading-border\"><div class=\"special-heading-inner-border\"><\/div><\/div><\/div>\n<div id='av-masonry-1' class='av-masonry av-2tyzm2-fbeb452aa86b9c95f5359be25cf096b1 noHover av-fixed-size av-large-gap av-hover-overlay-active av-masonry-animation-active av-masonry-col-flexible av-caption-always av-caption-style- av-masonry-entries ' data-post_id=\"3674\"><div class=\"av-masonry-container isotope av-js-disabled\"><div class='av-masonry-entry isotope-item av-masonry-item-no-image all_sort'><\/div><a href=\"https:\/\/www.swisnot.ch\/de\/actualites\/revision-du-droit-des-successions\/\"  id='av-masonry-1-item-7888' data-av-masonry-item='7888' class='av-masonry-entry isotope-item post-7888 actualites type-actualites status-publish hentry all_sort av-masonry-item-no-image' title=\"R\u00e9vision du droit des successions\"   itemscope=\"itemscope\" itemtype=\"https:\/\/schema.org\/CreativeWork\" ><div class='av-inner-masonry-sizer'><\/div><figure class='av-inner-masonry main_color'><figcaption class='av-inner-masonry-content site-background'><div class='av-inner-masonry-content-pos'><div class='av-inner-masonry-content-pos-content'><div class='avia-arrow'><\/div><h3 class='av-masonry-entry-title entry-title '  itemprop=\"headline\" >R\u00e9vision du droit des successions<\/h3><\/div><\/div><\/figcaption><\/figure><\/a><!--end av-masonry entry--><a href=\"https:\/\/www.swisnot.ch\/de\/actualites\/le-casse-tete-de-la-succession-dans-les-familles-recomposees\/\"  id='av-masonry-1-item-9834' data-av-masonry-item='9834' class='av-masonry-entry isotope-item post-9834 actualites type-actualites status-publish hentry all_sort av-masonry-item-no-image' title=\"Le casse-t\u00eate de la succession dans les familles recompos\u00e9es\"   itemscope=\"itemscope\" itemtype=\"https:\/\/schema.org\/CreativeWork\" ><div class='av-inner-masonry-sizer'><\/div><figure class='av-inner-masonry main_color'><figcaption class='av-inner-masonry-content site-background'><div class='av-inner-masonry-content-pos'><div class='av-inner-masonry-content-pos-content'><div class='avia-arrow'><\/div><h3 class='av-masonry-entry-title entry-title '  itemprop=\"headline\" >Le casse-t\u00eate de la succession dans les familles recompos\u00e9es<\/h3><\/div><\/div><\/figcaption><\/figure><\/a><!--end av-masonry entry--><a href=\"https:\/\/www.swisnot.ch\/de\/actualites\/la-procuration-ne-suffit-pas-toujours\/\"  id='av-masonry-1-item-9826' data-av-masonry-item='9826' class='av-masonry-entry isotope-item post-9826 actualites type-actualites status-publish hentry all_sort av-masonry-item-no-image' title=\"La procuration ne suffit pas toujours\"   itemscope=\"itemscope\" itemtype=\"https:\/\/schema.org\/CreativeWork\" ><div class='av-inner-masonry-sizer'><\/div><figure class='av-inner-masonry main_color'><figcaption class='av-inner-masonry-content site-background'><div class='av-inner-masonry-content-pos'><div class='av-inner-masonry-content-pos-content'><div class='avia-arrow'><\/div><h3 class='av-masonry-entry-title entry-title '  itemprop=\"headline\" >La procuration ne suffit pas toujours<\/h3><\/div><\/div><\/figcaption><\/figure><\/a><!--end av-masonry entry--><a href=\"https:\/\/www.swisnot.ch\/de\/actualites\/donations-un-geste-a-double-tranchant\/\"  id='av-masonry-1-item-9821' data-av-masonry-item='9821' class='av-masonry-entry isotope-item post-9821 actualites type-actualites status-publish hentry all_sort av-masonry-item-no-image' title=\"Donations, un geste \u00e0 double tranchant\"   itemscope=\"itemscope\" itemtype=\"https:\/\/schema.org\/CreativeWork\" ><div class='av-inner-masonry-sizer'><\/div><figure class='av-inner-masonry main_color'><figcaption class='av-inner-masonry-content site-background'><div class='av-inner-masonry-content-pos'><div class='av-inner-masonry-content-pos-content'><div class='avia-arrow'><\/div><h3 class='av-masonry-entry-title entry-title '  itemprop=\"headline\" >Donations, un geste \u00e0 double tranchant<\/h3><\/div><\/div><\/figcaption><\/figure><\/a><!--end av-masonry entry--><a href=\"https:\/\/www.swisnot.ch\/de\/actualites\/et-si-vous-netiez-plus-en-mesure-de-decider\/\"  id='av-masonry-1-item-9804' data-av-masonry-item='9804' class='av-masonry-entry isotope-item post-9804 actualites type-actualites status-publish hentry all_sort av-masonry-item-no-image' title=\"Et si vous n\u2019\u00e9tiez plus en mesure de d\u00e9cider ?\"   itemscope=\"itemscope\" itemtype=\"https:\/\/schema.org\/CreativeWork\" ><div class='av-inner-masonry-sizer'><\/div><figure class='av-inner-masonry main_color'><figcaption class='av-inner-masonry-content site-background'><div class='av-inner-masonry-content-pos'><div class='av-inner-masonry-content-pos-content'><div class='avia-arrow'><\/div><h3 class='av-masonry-entry-title entry-title '  itemprop=\"headline\" >Et si vous n\u2019\u00e9tiez plus en mesure de d\u00e9cider ?<\/h3><\/div><\/div><\/figcaption><\/figure><\/a><!--end av-masonry entry--><a href=\"https:\/\/www.swisnot.ch\/de\/actualites\/preter-de-largent-a-ses-enfants\/\"  id='av-masonry-1-item-9777' data-av-masonry-item='9777' class='av-masonry-entry isotope-item post-9777 actualites type-actualites status-publish hentry all_sort av-masonry-item-no-image' title=\"Pr\u00eater de l\u2019argent \u00e0 ses enfants ?\"   itemscope=\"itemscope\" itemtype=\"https:\/\/schema.org\/CreativeWork\" ><div class='av-inner-masonry-sizer'><\/div><figure class='av-inner-masonry main_color'><figcaption class='av-inner-masonry-content site-background'><div class='av-inner-masonry-content-pos'><div class='av-inner-masonry-content-pos-content'><div class='avia-arrow'><\/div><h3 class='av-masonry-entry-title entry-title '  itemprop=\"headline\" >Pr\u00eater de l\u2019argent \u00e0 ses enfants ?<\/h3><\/div><\/div><\/figcaption><\/figure><\/a><!--end av-masonry entry--><\/div><a class='av-masonry-pagination av-masonry-load-more' href='#load-more'  data-post_type='actualites'  data-link='category, 15'  data-term_rel='IN'  data-wc_prod_visible=''  data-wc_prod_hidden='hide'  data-wc_prod_featured=''  data-wc_prod_sale=''  data-prod_order_by=''  data-prod_order=''  data-date_filter=''  data-date_filter_start=''  data-date_filter_end=''  data-date_filter_format='yy\/mm\/dd'  data-period_filter_unit_1=''  data-period_filter_unit_2=''  data-page_element_filter=''  data-sort='yes'  data-query_orderby='date'  data-query_order='DESC'  data-caption_elements='title'  data-caption_styling=''  data-caption_display='always'  data-img_copyright=''  data-size='fixed masonry'  data-orientation=''  data-image_size='masonry'  data-gap='large'  data-columns='flexible'  data-av-desktop-columns=''  data-av-medium-columns=''  data-av-small-columns=''  data-av-mini-columns=''  data-items='6'  data-paginate='load_more'  data-color=''  data-custom_bg=''  data-img_copyright_font=''  data-av-desktop-font-img_copyright_font=''  data-av-medium-font-img_copyright_font=''  data-av-small-font-img_copyright_font=''  data-av-mini-font-img_copyright_font=''  data-img_copyright_color=''  data-img_copyright_bg=''  data-animation='active'  data-animation_duration=''  data-animation_custom_bg_color=''  data-animation_custom_bg_color_multi_list=''  data-animation_z_index_curtain='100'  data-overlay_fx='active'  data-img_scrset=''  data-lazy_loading='disabled'  data-av-desktop-hide=''  data-av-medium-hide=''  data-av-small-hide=''  data-av-mini-hide=''  data-alb_description=''  data-id=''  data-custom_class=''  data-template_class=''  data-av_uid='av-2tyzm2'  data-sc_version='1.0'  data-ids=''  data-action=''  data-offset='0'  data-container_links='active'  data-link_dest=''  data-lightbox_text=''  data-container_class='av-masonry-entries'  data-auto_ratio='1.7'  data-set_breadcrumb='1'  data-custom_markup=''  data-taxonomy='category'  data-categories=''  data-avno='1fbdc58097'>Mehr laden<\/a><\/div>\n<\/p>\n","protected":false},"excerpt":{"rendered":"<p>En cas de circonstances extraordinaires, le Code civil permet de tester en la forme orale. Mais attention, les exigences \u00e0 respecter sont tr\u00e8s strictes. <\/p>\n","protected":false},"menu_order":0,"template":"","meta":{"_acf_changed":false,"footnotes":""},"categories":[15],"class_list":["post-3674","actualites","type-actualites","status-publish","hentry","category-news"],"acf":[],"yoast_head":"<!-- This site is optimized with the Yoast SEO plugin v24.9 - https:\/\/yoast.com\/wordpress\/plugins\/seo\/ -->\n<title>Du bon usage du testament oral - swisNot - Le r\u00e9seau notarial suisse<\/title>\n<meta name=\"description\" content=\"swisNot, le r\u00e9seau notarial suisse, votre partenaire en mati\u00e8re juridique et fiscale\" \/>\n<meta name=\"robots\" content=\"index, follow, max-snippet:-1, max-image-preview:large, max-video-preview:-1\" \/>\n<link rel=\"canonical\" href=\"https:\/\/www.swisnot.ch\/de\/actualites\/du_bon_usage_du_testament_oral\/\" \/>\n<meta property=\"og:locale\" content=\"de_DE\" \/>\n<meta property=\"og:type\" content=\"article\" \/>\n<meta property=\"og:title\" content=\"Du bon usage du testament oral - swisNot - Le r\u00e9seau notarial suisse\" \/>\n<meta property=\"og:description\" content=\"swisNot, le r\u00e9seau notarial suisse, votre partenaire en mati\u00e8re juridique et fiscale\" \/>\n<meta property=\"og:url\" content=\"https:\/\/www.swisnot.ch\/de\/actualites\/du_bon_usage_du_testament_oral\/\" \/>\n<meta property=\"og:site_name\" content=\"swisNot - Le r\u00e9seau notarial suisse\" \/>\n<meta property=\"article:modified_time\" content=\"2021-11-22T14:02:16+00:00\" \/>\n<meta name=\"twitter:card\" content=\"summary_large_image\" \/>\n<meta name=\"twitter:label1\" content=\"Est. reading time\" \/>\n\t<meta name=\"twitter:data1\" content=\"10 minutes\" \/>\n<script type=\"application\/ld+json\" class=\"yoast-schema-graph\">{\"@context\":\"https:\/\/schema.org\",\"@graph\":[{\"@type\":\"WebPage\",\"@id\":\"https:\/\/www.swisnot.ch\/de\/actualites\/du_bon_usage_du_testament_oral\/\",\"url\":\"https:\/\/www.swisnot.ch\/de\/actualites\/du_bon_usage_du_testament_oral\/\",\"name\":\"Du bon usage du testament oral - swisNot - Le r\u00e9seau notarial suisse\",\"isPartOf\":{\"@id\":\"https:\/\/www.swisnot.ch\/de\/#website\"},\"datePublished\":\"2021-05-17T06:18:35+00:00\",\"dateModified\":\"2021-11-22T14:02:16+00:00\",\"description\":\"swisNot, le r\u00e9seau notarial suisse, votre partenaire en mati\u00e8re juridique et fiscale\",\"breadcrumb\":{\"@id\":\"https:\/\/www.swisnot.ch\/de\/actualites\/du_bon_usage_du_testament_oral\/#breadcrumb\"},\"inLanguage\":\"de-DE\",\"potentialAction\":[{\"@type\":\"ReadAction\",\"target\":[\"https:\/\/www.swisnot.ch\/de\/actualites\/du_bon_usage_du_testament_oral\/\"]}]},{\"@type\":\"BreadcrumbList\",\"@id\":\"https:\/\/www.swisnot.ch\/de\/actualites\/du_bon_usage_du_testament_oral\/#breadcrumb\",\"itemListElement\":[{\"@type\":\"ListItem\",\"position\":1,\"name\":\"Accueil\",\"item\":\"https:\/\/www.swisnot.ch\/de\/home\/\"},{\"@type\":\"ListItem\",\"position\":2,\"name\":\"Du bon usage du testament oral\"}]},{\"@type\":\"WebSite\",\"@id\":\"https:\/\/www.swisnot.ch\/de\/#website\",\"url\":\"https:\/\/www.swisnot.ch\/de\/\",\"name\":\"swisNot - Le r\u00e9seau notarial suisse\",\"description\":\"Votre partenaire en mati\u00e8re juridique et fiscale\",\"potentialAction\":[{\"@type\":\"SearchAction\",\"target\":{\"@type\":\"EntryPoint\",\"urlTemplate\":\"https:\/\/www.swisnot.ch\/de\/?s={search_term_string}\"},\"query-input\":{\"@type\":\"PropertyValueSpecification\",\"valueRequired\":true,\"valueName\":\"search_term_string\"}}],\"inLanguage\":\"de-DE\"}]}<\/script>\n<!-- \/ Yoast SEO plugin. -->","yoast_head_json":{"title":"Du bon usage du testament oral - swisNot - Le r\u00e9seau notarial suisse","description":"swisNot, le r\u00e9seau notarial suisse, votre partenaire en mati\u00e8re juridique et fiscale","robots":{"index":"index","follow":"follow","max-snippet":"max-snippet:-1","max-image-preview":"max-image-preview:large","max-video-preview":"max-video-preview:-1"},"canonical":"https:\/\/www.swisnot.ch\/de\/actualites\/du_bon_usage_du_testament_oral\/","og_locale":"de_DE","og_type":"article","og_title":"Du bon usage du testament oral - swisNot - Le r\u00e9seau notarial suisse","og_description":"swisNot, le r\u00e9seau notarial suisse, votre partenaire en mati\u00e8re juridique et fiscale","og_url":"https:\/\/www.swisnot.ch\/de\/actualites\/du_bon_usage_du_testament_oral\/","og_site_name":"swisNot - Le r\u00e9seau notarial suisse","article_modified_time":"2021-11-22T14:02:16+00:00","twitter_card":"summary_large_image","twitter_misc":{"Est. reading time":"10 minutes"},"schema":{"@context":"https:\/\/schema.org","@graph":[{"@type":"WebPage","@id":"https:\/\/www.swisnot.ch\/de\/actualites\/du_bon_usage_du_testament_oral\/","url":"https:\/\/www.swisnot.ch\/de\/actualites\/du_bon_usage_du_testament_oral\/","name":"Du bon usage du testament oral - swisNot - Le r\u00e9seau notarial suisse","isPartOf":{"@id":"https:\/\/www.swisnot.ch\/de\/#website"},"datePublished":"2021-05-17T06:18:35+00:00","dateModified":"2021-11-22T14:02:16+00:00","description":"swisNot, le r\u00e9seau notarial suisse, votre partenaire en mati\u00e8re juridique et fiscale","breadcrumb":{"@id":"https:\/\/www.swisnot.ch\/de\/actualites\/du_bon_usage_du_testament_oral\/#breadcrumb"},"inLanguage":"de-DE","potentialAction":[{"@type":"ReadAction","target":["https:\/\/www.swisnot.ch\/de\/actualites\/du_bon_usage_du_testament_oral\/"]}]},{"@type":"BreadcrumbList","@id":"https:\/\/www.swisnot.ch\/de\/actualites\/du_bon_usage_du_testament_oral\/#breadcrumb","itemListElement":[{"@type":"ListItem","position":1,"name":"Accueil","item":"https:\/\/www.swisnot.ch\/de\/home\/"},{"@type":"ListItem","position":2,"name":"Du bon usage du testament oral"}]},{"@type":"WebSite","@id":"https:\/\/www.swisnot.ch\/de\/#website","url":"https:\/\/www.swisnot.ch\/de\/","name":"swisNot - Le r\u00e9seau notarial suisse","description":"Votre partenaire en mati\u00e8re juridique et fiscale","potentialAction":[{"@type":"SearchAction","target":{"@type":"EntryPoint","urlTemplate":"https:\/\/www.swisnot.ch\/de\/?s={search_term_string}"},"query-input":{"@type":"PropertyValueSpecification","valueRequired":true,"valueName":"search_term_string"}}],"inLanguage":"de-DE"}]}},"_links":{"self":[{"href":"https:\/\/www.swisnot.ch\/de\/wp-json\/wp\/v2\/actualites\/3674","targetHints":{"allow":["GET"]}}],"collection":[{"href":"https:\/\/www.swisnot.ch\/de\/wp-json\/wp\/v2\/actualites"}],"about":[{"href":"https:\/\/www.swisnot.ch\/de\/wp-json\/wp\/v2\/types\/actualites"}],"version-history":[{"count":12,"href":"https:\/\/www.swisnot.ch\/de\/wp-json\/wp\/v2\/actualites\/3674\/revisions"}],"predecessor-version":[{"id":8316,"href":"https:\/\/www.swisnot.ch\/de\/wp-json\/wp\/v2\/actualites\/3674\/revisions\/8316"}],"wp:attachment":[{"href":"https:\/\/www.swisnot.ch\/de\/wp-json\/wp\/v2\/media?parent=3674"}],"wp:term":[{"taxonomy":"category","embeddable":true,"href":"https:\/\/www.swisnot.ch\/de\/wp-json\/wp\/v2\/categories?post=3674"}],"curies":[{"name":"wp","href":"https:\/\/api.w.org\/{rel}","templated":true}]}}